{"id":6628,"date":"2025-03-14T08:14:49","date_gmt":"2025-03-14T06:14:49","guid":{"rendered":"https:\/\/imagocertificationandtraining.com\/uncategorized\/sille-jogeva-irt-fakultatsmitarbeiterin-tartu-estland\/"},"modified":"2025-03-14T08:14:49","modified_gmt":"2025-03-14T06:14:49","slug":"sille-jogeva-irt-fakultatsmitarbeiterin-tartu-estland","status":"publish","type":"post","link":"https:\/\/imagocertificationandtraining.com\/de\/geschichten\/sille-jogeva-irt-fakultatsmitarbeiterin-tartu-estland\/","title":{"rendered":"Sille J\u00f5geva, IRT, Fakult\u00e4tsmitarbeiterin &#8211; Tartu, Estland"},"content":{"rendered":"\n<h3 class=\"wp-block-heading\">Ich f\u00fchlte mich einsam und unverstanden und die Distanz zwischen mir und meinem Mann wurde immer gr\u00f6\u00dfer&#8230;<\/h3>\n\n\n\n<p>Mein Name ist Sille J\u00f5geva. Ich komme aus Estland und lebe derzeit in der sch\u00f6nen s\u00fcdestnischen Stadt Tartu. Beruflich bin ich derzeit eine fortgeschrittene Imago-Beziehungstherapeutin, Supervisorin und Workshop-Leiterin.  <\/p>\n\n\n\n<p>Vor 15 Jahren hatte ich mit meinem Leben zu k\u00e4mpfen. Ich konnte nicht verstehen, warum ich nicht gl\u00fccklich war. Alle meine Tr\u00e4ume wurden erf\u00fcllt &#8211; ein liebevoller Ehemann, ein sch\u00f6nes Zuhause, gesunde Kinder&#8230; sogar der sch\u00f6nste Hund der Welt, aber die meiste Zeit f\u00fchlte ich mich einsam und unverstanden und die Distanz zwischen mir und meinem Mann Tomas wuchs.  <\/p>\n\n\n\n<p>Ich dachte, dass etwas mit mir nicht stimmt, aber ich wusste einfach nicht, was&#8230;. Also begann ich, in B\u00fcchern und verschiedenen Kursen nach Antworten zu suchen. 5 Jahre sp\u00e4ter wurden wir in einer Hypnotherapieschule in verschiedene psychologische Ans\u00e4tze eingef\u00fchrt und die Imago-Therapie war einer davon.<\/p>\n\n\n\n<p>F\u00fcr mich war das Erlernen und Erleben von Imago die Rettung!<\/p>\n\n\n\n<p>Meine Ehe war fast vorbei, wir waren beide ungl\u00fccklich und die Entfernung zwischen uns f\u00fchlte sich wie ein riesiger Abgrund an. Die Liebe war noch da, aber wir f\u00fchlten uns beide einsam auf zwei unverbundenen Seiten dieses Abgrunds. <\/p>\n\n\n\n<p>Imago gab uns das Wissen, wie wir eine Br\u00fccke bauen k\u00f6nnen, um uns wieder zu verbinden.&nbsp;  Wir besuchten den ersten Paar-Workshop von Getting the Love You Want, der jemals in Estland stattfand, in der Hoffnung, dass der Kurs all unsere Leiden beseitigen w\u00fcrde&#8230;., aber nein&#8230; der Kurs gab uns die Karte, die Werkzeuge und die Verantwortung, uns um unsere Beziehung zu k\u00fcmmern und sie zu reparieren. <\/p>\n\n\n\n<p>Die harte Arbeit begann, und obwohl wir nicht genau wussten, wie man all diese Werkzeuge benutzt und wie man die Karte liest, hatten wir Hoffnung und den Glauben und den Willen, weiterzumachen.&nbsp;  Der Erfolg stand vor der T\u00fcr, aber es hat Jahre gedauert, Stein f\u00fcr Stein die neue Art und Weise unserer Beziehung aufzubauen. Ich habe die Reise genossen, denn ich habe so viel gelernt, und alle meine Beziehungen haben sich zum Besseren ver\u00e4ndert. <\/p>\n\n\n\n<p>Heute ist mein Mann Tomas mein bester Freund, mit dem ich alles teilen kann und wir sind gemeinsam auf unserer Lebensreise. Die Imago-F\u00e4higkeiten, -Werkzeuge und -Praktiken haben mir eine Kraft gegeben, von der ich nicht wusste, dass sie m\u00f6glich ist. <\/p>\n\n\n\n<p>Die Auswirkungen auf mich waren so gewaltig, tiefgreifend und augen\u00f6ffnend, dass ich beschloss, Imago-Beziehungstherapeutin zu werden&#8230; und das bin ich nun schon seit 10 Jahren!<\/p>\n\n\n\n<p>Diese Transformation und sowohl pers\u00f6nlich als auch beruflich hat mir die beste Lehrerin und Freundin Rebecca Sears beschert. Wir sind auf dieser Reise sowohl gro\u00dfartige Kollegen als auch gute Freunde geworden. Ich kann mir mein Leben ohne Imago einfach nicht mehr vorstellen.  <\/p>\n\n\n\n<p>Wenn ich jemandem, der dies gerade liest, aus dem Herzen sprechen k\u00f6nnte, w\u00fcrde ich sagen, wenn Sie die Kraft der Verbindung verstehen wollen, sollten Sie Imago erleben.<\/p>\n","protected":false},"excerpt":{"rendered":"<p>Ich f\u00fchlte mich einsam und unverstanden und die Distanz zwischen mir und meinem Mann wurde immer gr\u00f6\u00dfer&#8230; Mein Name ist Sille J\u00f5geva. Ich komme aus Estland und lebe derzeit in der sch\u00f6nen s\u00fcdestnischen Stadt Tartu. Beruflich bin ich derzeit eine fortgeschrittene Imago-Beziehungstherapeutin, Supervisorin und Workshop-Leiterin. Vor 15 Jahren hatte ich mit meinem Leben zu k\u00e4mpfen. [&hellip;]<\/p>\n","protected":false},"author":66,"featured_media":2037,"comment_status":"open","ping_status":"open","sticky":false,"template":"","format":"standard","meta":{"footnotes":""},"categories":[146],"tags":[],"class_list":["post-6628","post","type-post","status-publish","format-standard","has-post-thumbnail","hentry","category-geschichten"],"yoast_head":"<!-- This site is optimized with the Yoast SEO plugin v26.9 - https:\/\/yoast.com\/product\/yoast-seo-wordpress\/ -->\n<title>Sille J\u00f5geva, IRT, Fakult\u00e4tsmitarbeiterin - Tartu, Estland - Imago International Training Institute<\/title>\n<meta name=\"robots\" content=\"index, follow, max-snippet:-1, max-image-preview:large, max-video-preview:-1\" \/>\n<link rel=\"canonical\" href=\"https:\/\/imagocertificationandtraining.com\/de\/geschichten\/sille-jogeva-irt-fakultatsmitarbeiterin-tartu-estland\/\" \/>\n<meta property=\"og:locale\" content=\"de_DE\" \/>\n<meta property=\"og:type\" content=\"article\" \/>\n<meta property=\"og:title\" content=\"Sille J\u00f5geva, IRT, Fakult\u00e4tsmitarbeiterin - Tartu, Estland - Imago International Training Institute\" \/>\n<meta property=\"og:description\" content=\"Ich f\u00fchlte mich einsam und unverstanden und die Distanz zwischen mir und meinem Mann wurde immer gr\u00f6\u00dfer&#8230; Mein Name ist Sille J\u00f5geva. Ich komme aus Estland und lebe derzeit in der sch\u00f6nen s\u00fcdestnischen Stadt Tartu. Beruflich bin ich derzeit eine fortgeschrittene Imago-Beziehungstherapeutin, Supervisorin und Workshop-Leiterin. Vor 15 Jahren hatte ich mit meinem Leben zu k\u00e4mpfen. [&hellip;]\" \/>\n<meta property=\"og:url\" content=\"https:\/\/imagocertificationandtraining.com\/de\/geschichten\/sille-jogeva-irt-fakultatsmitarbeiterin-tartu-estland\/\" \/>\n<meta property=\"og:site_name\" content=\"Imago International Training Institute\" \/>\n<meta property=\"article:published_time\" content=\"2025-03-14T06:14:49+00:00\" \/>\n<meta property=\"og:image\" content=\"https:\/\/imagocertificationandtraining.com\/wp-content\/uploads\/2024\/12\/sille-Nurkas-300x279-1.webp\" \/>\n\t<meta property=\"og:image:width\" content=\"300\" \/>\n\t<meta property=\"og:image:height\" content=\"279\" \/>\n\t<meta property=\"og:image:type\" content=\"image\/webp\" \/>\n<meta name=\"author\" content=\"Pedro\" \/>\n<meta name=\"twitter:card\" content=\"summary_large_image\" \/>\n<meta name=\"twitter:label1\" content=\"Verfasst von\" \/>\n\t<meta name=\"twitter:data1\" content=\"Pedro\" \/>\n\t<meta name=\"twitter:label2\" content=\"Gesch\u00e4tzte Lesezeit\" \/>\n\t<meta name=\"twitter:data2\" content=\"3\u00a0Minuten\" \/>\n<script type=\"application\/ld+json\" class=\"yoast-schema-graph\">{\"@context\":\"https:\/\/schema.org\",\"@graph\":[{\"@type\":\"Article\",\"@id\":\"https:\/\/imagocertificationandtraining.com\/de\/geschichten\/sille-jogeva-irt-fakultatsmitarbeiterin-tartu-estland\/#article\",\"isPartOf\":{\"@id\":\"https:\/\/imagocertificationandtraining.com\/de\/geschichten\/sille-jogeva-irt-fakultatsmitarbeiterin-tartu-estland\/\"},\"author\":{\"name\":\"Pedro\",\"@id\":\"https:\/\/imagocertificationandtraining.com\/de\/#\/schema\/person\/995a647c49da445ca64d3f8332b74089\"},\"headline\":\"Sille J\u00f5geva, IRT, Fakult\u00e4tsmitarbeiterin &#8211; Tartu, Estland\",\"datePublished\":\"2025-03-14T06:14:49+00:00\",\"mainEntityOfPage\":{\"@id\":\"https:\/\/imagocertificationandtraining.com\/de\/geschichten\/sille-jogeva-irt-fakultatsmitarbeiterin-tartu-estland\/\"},\"wordCount\":514,\"commentCount\":0,\"publisher\":{\"@id\":\"https:\/\/imagocertificationandtraining.com\/de\/#organization\"},\"image\":{\"@id\":\"https:\/\/imagocertificationandtraining.com\/de\/geschichten\/sille-jogeva-irt-fakultatsmitarbeiterin-tartu-estland\/#primaryimage\"},\"thumbnailUrl\":\"https:\/\/imagocertificationandtraining.com\/app\/uploads\/2024\/12\/sille-Nurkas-300x279-1.webp\",\"articleSection\":[\"Geschichten\"],\"inLanguage\":\"de\",\"potentialAction\":[{\"@type\":\"CommentAction\",\"name\":\"Comment\",\"target\":[\"https:\/\/imagocertificationandtraining.com\/de\/geschichten\/sille-jogeva-irt-fakultatsmitarbeiterin-tartu-estland\/#respond\"]}]},{\"@type\":\"WebPage\",\"@id\":\"https:\/\/imagocertificationandtraining.com\/de\/geschichten\/sille-jogeva-irt-fakultatsmitarbeiterin-tartu-estland\/\",\"url\":\"https:\/\/imagocertificationandtraining.com\/de\/geschichten\/sille-jogeva-irt-fakultatsmitarbeiterin-tartu-estland\/\",\"name\":\"Sille J\u00f5geva, IRT, Fakult\u00e4tsmitarbeiterin - Tartu, Estland - Imago International Training Institute\",\"isPartOf\":{\"@id\":\"https:\/\/imagocertificationandtraining.com\/de\/#website\"},\"primaryImageOfPage\":{\"@id\":\"https:\/\/imagocertificationandtraining.com\/de\/geschichten\/sille-jogeva-irt-fakultatsmitarbeiterin-tartu-estland\/#primaryimage\"},\"image\":{\"@id\":\"https:\/\/imagocertificationandtraining.com\/de\/geschichten\/sille-jogeva-irt-fakultatsmitarbeiterin-tartu-estland\/#primaryimage\"},\"thumbnailUrl\":\"https:\/\/imagocertificationandtraining.com\/app\/uploads\/2024\/12\/sille-Nurkas-300x279-1.webp\",\"datePublished\":\"2025-03-14T06:14:49+00:00\",\"breadcrumb\":{\"@id\":\"https:\/\/imagocertificationandtraining.com\/de\/geschichten\/sille-jogeva-irt-fakultatsmitarbeiterin-tartu-estland\/#breadcrumb\"},\"inLanguage\":\"de\",\"potentialAction\":[{\"@type\":\"ReadAction\",\"target\":[\"https:\/\/imagocertificationandtraining.com\/de\/geschichten\/sille-jogeva-irt-fakultatsmitarbeiterin-tartu-estland\/\"]}]},{\"@type\":\"ImageObject\",\"inLanguage\":\"de\",\"@id\":\"https:\/\/imagocertificationandtraining.com\/de\/geschichten\/sille-jogeva-irt-fakultatsmitarbeiterin-tartu-estland\/#primaryimage\",\"url\":\"https:\/\/imagocertificationandtraining.com\/app\/uploads\/2024\/12\/sille-Nurkas-300x279-1.webp\",\"contentUrl\":\"https:\/\/imagocertificationandtraining.com\/app\/uploads\/2024\/12\/sille-Nurkas-300x279-1.webp\",\"width\":300,\"height\":279},{\"@type\":\"BreadcrumbList\",\"@id\":\"https:\/\/imagocertificationandtraining.com\/de\/geschichten\/sille-jogeva-irt-fakultatsmitarbeiterin-tartu-estland\/#breadcrumb\",\"itemListElement\":[{\"@type\":\"ListItem\",\"position\":1,\"name\":\"Home\",\"item\":\"https:\/\/imagocertificationandtraining.com\/de\/\"},{\"@type\":\"ListItem\",\"position\":2,\"name\":\"Sille J\u00f5geva, IRT, Fakult\u00e4tsmitarbeiterin &#8211; Tartu, Estland\"}]},{\"@type\":\"WebSite\",\"@id\":\"https:\/\/imagocertificationandtraining.com\/de\/#website\",\"url\":\"https:\/\/imagocertificationandtraining.com\/de\/\",\"name\":\"Imago International Training Institute\",\"description\":\"Delivering world class training on relational competency for individuals, couples, and organizations.\",\"publisher\":{\"@id\":\"https:\/\/imagocertificationandtraining.com\/de\/#organization\"},\"potentialAction\":[{\"@type\":\"SearchAction\",\"target\":{\"@type\":\"EntryPoint\",\"urlTemplate\":\"https:\/\/imagocertificationandtraining.com\/de\/?s={search_term_string}\"},\"query-input\":{\"@type\":\"PropertyValueSpecification\",\"valueRequired\":true,\"valueName\":\"search_term_string\"}}],\"inLanguage\":\"de\"},{\"@type\":\"Organization\",\"@id\":\"https:\/\/imagocertificationandtraining.com\/de\/#organization\",\"name\":\"Imago International Training Institute\",\"url\":\"https:\/\/imagocertificationandtraining.com\/de\/\",\"logo\":{\"@type\":\"ImageObject\",\"inLanguage\":\"de\",\"@id\":\"https:\/\/imagocertificationandtraining.com\/de\/#\/schema\/logo\/image\/\",\"url\":\"https:\/\/imagocertificationandtraining.com\/app\/uploads\/2024\/12\/imago-international-training-institute-logo-2-e1733853510222.webp\",\"contentUrl\":\"https:\/\/imagocertificationandtraining.com\/app\/uploads\/2024\/12\/imago-international-training-institute-logo-2-e1733853510222.webp\",\"width\":150,\"height\":35,\"caption\":\"Imago International Training Institute\"},\"image\":{\"@id\":\"https:\/\/imagocertificationandtraining.com\/de\/#\/schema\/logo\/image\/\"}},{\"@type\":\"Person\",\"@id\":\"https:\/\/imagocertificationandtraining.com\/de\/#\/schema\/person\/995a647c49da445ca64d3f8332b74089\",\"name\":\"Pedro\",\"image\":{\"@type\":\"ImageObject\",\"inLanguage\":\"de\",\"@id\":\"https:\/\/imagocertificationandtraining.com\/de\/#\/schema\/person\/image\/\",\"url\":\"https:\/\/secure.gravatar.com\/avatar\/441b0d1cc0c4c40b45a7d3cba45e116cfc3e862267383a71631000f9eca1f659?s=96&d=mm&r=g\",\"contentUrl\":\"https:\/\/secure.gravatar.com\/avatar\/441b0d1cc0c4c40b45a7d3cba45e116cfc3e862267383a71631000f9eca1f659?s=96&d=mm&r=g\",\"caption\":\"Pedro\"},\"url\":\"https:\/\/imagocertificationandtraining.com\/de\/author\/strogonofy\/\"}]}<\/script>\n<!-- \/ Yoast SEO plugin. -->","yoast_head_json":{"title":"Sille J\u00f5geva, IRT, Fakult\u00e4tsmitarbeiterin - Tartu, Estland - Imago International Training Institute","robots":{"index":"index","follow":"follow","max-snippet":"max-snippet:-1","max-image-preview":"max-image-preview:large","max-video-preview":"max-video-preview:-1"},"canonical":"https:\/\/imagocertificationandtraining.com\/de\/geschichten\/sille-jogeva-irt-fakultatsmitarbeiterin-tartu-estland\/","og_locale":"de_DE","og_type":"article","og_title":"Sille J\u00f5geva, IRT, Fakult\u00e4tsmitarbeiterin - Tartu, Estland - Imago International Training Institute","og_description":"Ich f\u00fchlte mich einsam und unverstanden und die Distanz zwischen mir und meinem Mann wurde immer gr\u00f6\u00dfer&#8230; Mein Name ist Sille J\u00f5geva. Ich komme aus Estland und lebe derzeit in der sch\u00f6nen s\u00fcdestnischen Stadt Tartu. Beruflich bin ich derzeit eine fortgeschrittene Imago-Beziehungstherapeutin, Supervisorin und Workshop-Leiterin. Vor 15 Jahren hatte ich mit meinem Leben zu k\u00e4mpfen. [&hellip;]","og_url":"https:\/\/imagocertificationandtraining.com\/de\/geschichten\/sille-jogeva-irt-fakultatsmitarbeiterin-tartu-estland\/","og_site_name":"Imago International Training Institute","article_published_time":"2025-03-14T06:14:49+00:00","og_image":[{"width":300,"height":279,"url":"https:\/\/imagocertificationandtraining.com\/wp-content\/uploads\/2024\/12\/sille-Nurkas-300x279-1.webp","type":"image\/webp"}],"author":"Pedro","twitter_card":"summary_large_image","twitter_misc":{"Verfasst von":"Pedro","Gesch\u00e4tzte Lesezeit":"3\u00a0Minuten"},"schema":{"@context":"https:\/\/schema.org","@graph":[{"@type":"Article","@id":"https:\/\/imagocertificationandtraining.com\/de\/geschichten\/sille-jogeva-irt-fakultatsmitarbeiterin-tartu-estland\/#article","isPartOf":{"@id":"https:\/\/imagocertificationandtraining.com\/de\/geschichten\/sille-jogeva-irt-fakultatsmitarbeiterin-tartu-estland\/"},"author":{"name":"Pedro","@id":"https:\/\/imagocertificationandtraining.com\/de\/#\/schema\/person\/995a647c49da445ca64d3f8332b74089"},"headline":"Sille J\u00f5geva, IRT, Fakult\u00e4tsmitarbeiterin &#8211; Tartu, Estland","datePublished":"2025-03-14T06:14:49+00:00","mainEntityOfPage":{"@id":"https:\/\/imagocertificationandtraining.com\/de\/geschichten\/sille-jogeva-irt-fakultatsmitarbeiterin-tartu-estland\/"},"wordCount":514,"commentCount":0,"publisher":{"@id":"https:\/\/imagocertificationandtraining.com\/de\/#organization"},"image":{"@id":"https:\/\/imagocertificationandtraining.com\/de\/geschichten\/sille-jogeva-irt-fakultatsmitarbeiterin-tartu-estland\/#primaryimage"},"thumbnailUrl":"https:\/\/imagocertificationandtraining.com\/app\/uploads\/2024\/12\/sille-Nurkas-300x279-1.webp","articleSection":["Geschichten"],"inLanguage":"de","potentialAction":[{"@type":"CommentAction","name":"Comment","target":["https:\/\/imagocertificationandtraining.com\/de\/geschichten\/sille-jogeva-irt-fakultatsmitarbeiterin-tartu-estland\/#respond"]}]},{"@type":"WebPage","@id":"https:\/\/imagocertificationandtraining.com\/de\/geschichten\/sille-jogeva-irt-fakultatsmitarbeiterin-tartu-estland\/","url":"https:\/\/imagocertificationandtraining.com\/de\/geschichten\/sille-jogeva-irt-fakultatsmitarbeiterin-tartu-estland\/","name":"Sille J\u00f5geva, IRT, Fakult\u00e4tsmitarbeiterin - Tartu, Estland - Imago International Training Institute","isPartOf":{"@id":"https:\/\/imagocertificationandtraining.com\/de\/#website"},"primaryImageOfPage":{"@id":"https:\/\/imagocertificationandtraining.com\/de\/geschichten\/sille-jogeva-irt-fakultatsmitarbeiterin-tartu-estland\/#primaryimage"},"image":{"@id":"https:\/\/imagocertificationandtraining.com\/de\/geschichten\/sille-jogeva-irt-fakultatsmitarbeiterin-tartu-estland\/#primaryimage"},"thumbnailUrl":"https:\/\/imagocertificationandtraining.com\/app\/uploads\/2024\/12\/sille-Nurkas-300x279-1.webp","datePublished":"2025-03-14T06:14:49+00:00","breadcrumb":{"@id":"https:\/\/imagocertificationandtraining.com\/de\/geschichten\/sille-jogeva-irt-fakultatsmitarbeiterin-tartu-estland\/#breadcrumb"},"inLanguage":"de","potentialAction":[{"@type":"ReadAction","target":["https:\/\/imagocertificationandtraining.com\/de\/geschichten\/sille-jogeva-irt-fakultatsmitarbeiterin-tartu-estland\/"]}]},{"@type":"ImageObject","inLanguage":"de","@id":"https:\/\/imagocertificationandtraining.com\/de\/geschichten\/sille-jogeva-irt-fakultatsmitarbeiterin-tartu-estland\/#primaryimage","url":"https:\/\/imagocertificationandtraining.com\/app\/uploads\/2024\/12\/sille-Nurkas-300x279-1.webp","contentUrl":"https:\/\/imagocertificationandtraining.com\/app\/uploads\/2024\/12\/sille-Nurkas-300x279-1.webp","width":300,"height":279},{"@type":"BreadcrumbList","@id":"https:\/\/imagocertificationandtraining.com\/de\/geschichten\/sille-jogeva-irt-fakultatsmitarbeiterin-tartu-estland\/#breadcrumb","itemListElement":[{"@type":"ListItem","position":1,"name":"Home","item":"https:\/\/imagocertificationandtraining.com\/de\/"},{"@type":"ListItem","position":2,"name":"Sille J\u00f5geva, IRT, Fakult\u00e4tsmitarbeiterin &#8211; Tartu, Estland"}]},{"@type":"WebSite","@id":"https:\/\/imagocertificationandtraining.com\/de\/#website","url":"https:\/\/imagocertificationandtraining.com\/de\/","name":"Imago International Training Institute","description":"Delivering world class training on relational competency for individuals, couples, and organizations.","publisher":{"@id":"https:\/\/imagocertificationandtraining.com\/de\/#organization"},"potentialAction":[{"@type":"SearchAction","target":{"@type":"EntryPoint","urlTemplate":"https:\/\/imagocertificationandtraining.com\/de\/?s={search_term_string}"},"query-input":{"@type":"PropertyValueSpecification","valueRequired":true,"valueName":"search_term_string"}}],"inLanguage":"de"},{"@type":"Organization","@id":"https:\/\/imagocertificationandtraining.com\/de\/#organization","name":"Imago International Training Institute","url":"https:\/\/imagocertificationandtraining.com\/de\/","logo":{"@type":"ImageObject","inLanguage":"de","@id":"https:\/\/imagocertificationandtraining.com\/de\/#\/schema\/logo\/image\/","url":"https:\/\/imagocertificationandtraining.com\/app\/uploads\/2024\/12\/imago-international-training-institute-logo-2-e1733853510222.webp","contentUrl":"https:\/\/imagocertificationandtraining.com\/app\/uploads\/2024\/12\/imago-international-training-institute-logo-2-e1733853510222.webp","width":150,"height":35,"caption":"Imago International Training Institute"},"image":{"@id":"https:\/\/imagocertificationandtraining.com\/de\/#\/schema\/logo\/image\/"}},{"@type":"Person","@id":"https:\/\/imagocertificationandtraining.com\/de\/#\/schema\/person\/995a647c49da445ca64d3f8332b74089","name":"Pedro","image":{"@type":"ImageObject","inLanguage":"de","@id":"https:\/\/imagocertificationandtraining.com\/de\/#\/schema\/person\/image\/","url":"https:\/\/secure.gravatar.com\/avatar\/441b0d1cc0c4c40b45a7d3cba45e116cfc3e862267383a71631000f9eca1f659?s=96&d=mm&r=g","contentUrl":"https:\/\/secure.gravatar.com\/avatar\/441b0d1cc0c4c40b45a7d3cba45e116cfc3e862267383a71631000f9eca1f659?s=96&d=mm&r=g","caption":"Pedro"},"url":"https:\/\/imagocertificationandtraining.com\/de\/author\/strogonofy\/"}]}},"_links":{"self":[{"href":"https:\/\/imagocertificationandtraining.com\/de\/wp-json\/wp\/v2\/posts\/6628","targetHints":{"allow":["GET"]}}],"collection":[{"href":"https:\/\/imagocertificationandtraining.com\/de\/wp-json\/wp\/v2\/posts"}],"about":[{"href":"https:\/\/imagocertificationandtraining.com\/de\/wp-json\/wp\/v2\/types\/post"}],"author":[{"embeddable":true,"href":"https:\/\/imagocertificationandtraining.com\/de\/wp-json\/wp\/v2\/users\/66"}],"replies":[{"embeddable":true,"href":"https:\/\/imagocertificationandtraining.com\/de\/wp-json\/wp\/v2\/comments?post=6628"}],"version-history":[{"count":0,"href":"https:\/\/imagocertificationandtraining.com\/de\/wp-json\/wp\/v2\/posts\/6628\/revisions"}],"wp:featuredmedia":[{"embeddable":true,"href":"https:\/\/imagocertificationandtraining.com\/de\/wp-json\/wp\/v2\/media\/2037"}],"wp:attachment":[{"href":"https:\/\/imagocertificationandtraining.com\/de\/wp-json\/wp\/v2\/media?parent=6628"}],"wp:term":[{"taxonomy":"category","embeddable":true,"href":"https:\/\/imagocertificationandtraining.com\/de\/wp-json\/wp\/v2\/categories?post=6628"},{"taxonomy":"post_tag","embeddable":true,"href":"https:\/\/imagocertificationandtraining.com\/de\/wp-json\/wp\/v2\/tags?post=6628"}],"curies":[{"name":"wp","href":"https:\/\/api.w.org\/{rel}","templated":true}]}}