{"id":6648,"date":"2025-03-24T10:33:39","date_gmt":"2025-03-24T08:33:39","guid":{"rendered":"https:\/\/imagocertificationandtraining.com\/uncategorized\/conferencia-anual-imago-austria\/"},"modified":"2025-03-24T10:33:39","modified_gmt":"2025-03-24T08:33:39","slug":"conferencia-anual-imago-austria","status":"publish","type":"post","link":"https:\/\/imagocertificationandtraining.com\/es\/sin-categorizar\/conferencia-anual-imago-austria\/","title":{"rendered":"Conferencia Anual Imago &#8211; Austria"},"content":{"rendered":"<p>Durante m\u00e1s de dos d\u00e9cadas, Imago ha organizado conferencias por todo el mundo. Estos eventos son oportunidades de reunirse para compartir, aprender y crecer como comunidad. Consulta las p\u00e1ginas de las conferencias y la inscripci\u00f3n para obtener informaci\u00f3n espec\u00edfica. Normalmente se ofrecen cursos avanzados como parte de cada conferencia.   <\/p>\n<p>Taller Pre-Conferencia Con Maya Kollman, PHD<br \/>\n\u00abSistemas Familiares Internos e Imago\u00bb<br \/>\n30 de Abril &#8211; 1 de Mayo 2025, Viena<\/p>\n<p>Imago Days 2025 &#8211; \u00abImago &amp; Trauma\u00bb<br \/>\n2 de mayo &#8211; 4 de mayo de 2025, Viena<\/p>\n<p>M\u00e1s informaci\u00f3n: https:\/\/www.imagocongress.at\/imago-days-2025-english-information\/<\/p>\n","protected":false},"excerpt":{"rendered":"<p>Durante m\u00e1s de dos d\u00e9cadas, Imago ha organizado conferencias por todo el mundo. Estos eventos son oportunidades de reunirse para compartir, aprender y crecer como comunidad. Consulta las p\u00e1ginas de las conferencias y la inscripci\u00f3n para obtener informaci\u00f3n espec\u00edfica. Normalmente se ofrecen cursos avanzados como parte de cada conferencia. Taller Pre-Conferencia Con Maya Kollman, PHD [&hellip;]<\/p>\n","protected":false},"author":66,"featured_media":2075,"comment_status":"open","ping_status":"open","sticky":false,"template":"","format":"standard","meta":{"footnotes":""},"categories":[75],"tags":[],"class_list":["post-6648","post","type-post","status-publish","format-standard","has-post-thumbnail","hentry","category-sin-categorizar"],"yoast_head":"<!-- This site is optimized with the Yoast SEO plugin v26.9 - https:\/\/yoast.com\/product\/yoast-seo-wordpress\/ -->\n<title>Conferencia Anual Imago - Austria - Imago International Training Institute<\/title>\n<meta name=\"robots\" content=\"index, follow, max-snippet:-1, max-image-preview:large, max-video-preview:-1\" \/>\n<link rel=\"canonical\" href=\"https:\/\/imagocertificationandtraining.com\/es\/sin-categorizar\/conferencia-anual-imago-austria\/\" \/>\n<meta property=\"og:locale\" content=\"es_ES\" \/>\n<meta property=\"og:type\" content=\"article\" \/>\n<meta property=\"og:title\" content=\"Conferencia Anual Imago - Austria - Imago International Training Institute\" \/>\n<meta property=\"og:description\" content=\"Durante m\u00e1s de dos d\u00e9cadas, Imago ha organizado conferencias por todo el mundo. Estos eventos son oportunidades de reunirse para compartir, aprender y crecer como comunidad. Consulta las p\u00e1ginas de las conferencias y la inscripci\u00f3n para obtener informaci\u00f3n espec\u00edfica. Normalmente se ofrecen cursos avanzados como parte de cada conferencia. Taller Pre-Conferencia Con Maya Kollman, PHD [&hellip;]\" \/>\n<meta property=\"og:url\" content=\"https:\/\/imagocertificationandtraining.com\/es\/sin-categorizar\/conferencia-anual-imago-austria\/\" \/>\n<meta property=\"og:site_name\" content=\"Imago International Training Institute\" \/>\n<meta property=\"article:published_time\" content=\"2025-03-24T08:33:39+00:00\" \/>\n<meta property=\"og:image\" content=\"https:\/\/imagocertificationandtraining.com\/wp-content\/uploads\/2024\/12\/imago-pro-dev-summary-300x145-1.webp\" \/>\n\t<meta property=\"og:image:width\" content=\"300\" \/>\n\t<meta property=\"og:image:height\" content=\"145\" \/>\n\t<meta property=\"og:image:type\" content=\"image\/webp\" \/>\n<meta name=\"author\" content=\"Pedro\" \/>\n<meta name=\"twitter:card\" content=\"summary_large_image\" \/>\n<meta name=\"twitter:label1\" content=\"Escrito por\" \/>\n\t<meta name=\"twitter:data1\" content=\"Pedro\" \/>\n<script type=\"application\/ld+json\" class=\"yoast-schema-graph\">{\"@context\":\"https:\/\/schema.org\",\"@graph\":[{\"@type\":\"Article\",\"@id\":\"https:\/\/imagocertificationandtraining.com\/es\/sin-categorizar\/conferencia-anual-imago-austria\/#article\",\"isPartOf\":{\"@id\":\"https:\/\/imagocertificationandtraining.com\/es\/sin-categorizar\/conferencia-anual-imago-austria\/\"},\"author\":{\"name\":\"Pedro\",\"@id\":\"https:\/\/imagocertificationandtraining.com\/es\/#\/schema\/person\/995a647c49da445ca64d3f8332b74089\"},\"headline\":\"Conferencia Anual Imago &#8211; Austria\",\"datePublished\":\"2025-03-24T08:33:39+00:00\",\"mainEntityOfPage\":{\"@id\":\"https:\/\/imagocertificationandtraining.com\/es\/sin-categorizar\/conferencia-anual-imago-austria\/\"},\"wordCount\":100,\"commentCount\":0,\"publisher\":{\"@id\":\"https:\/\/imagocertificationandtraining.com\/es\/#organization\"},\"image\":{\"@id\":\"https:\/\/imagocertificationandtraining.com\/es\/sin-categorizar\/conferencia-anual-imago-austria\/#primaryimage\"},\"thumbnailUrl\":\"https:\/\/imagocertificationandtraining.com\/app\/uploads\/2024\/12\/imago-pro-dev-summary-300x145-1.webp\",\"articleSection\":[\"Sin categorizar\"],\"inLanguage\":\"es\",\"potentialAction\":[{\"@type\":\"CommentAction\",\"name\":\"Comment\",\"target\":[\"https:\/\/imagocertificationandtraining.com\/es\/sin-categorizar\/conferencia-anual-imago-austria\/#respond\"]}]},{\"@type\":\"WebPage\",\"@id\":\"https:\/\/imagocertificationandtraining.com\/es\/sin-categorizar\/conferencia-anual-imago-austria\/\",\"url\":\"https:\/\/imagocertificationandtraining.com\/es\/sin-categorizar\/conferencia-anual-imago-austria\/\",\"name\":\"Conferencia Anual Imago - Austria - Imago International Training Institute\",\"isPartOf\":{\"@id\":\"https:\/\/imagocertificationandtraining.com\/es\/#website\"},\"primaryImageOfPage\":{\"@id\":\"https:\/\/imagocertificationandtraining.com\/es\/sin-categorizar\/conferencia-anual-imago-austria\/#primaryimage\"},\"image\":{\"@id\":\"https:\/\/imagocertificationandtraining.com\/es\/sin-categorizar\/conferencia-anual-imago-austria\/#primaryimage\"},\"thumbnailUrl\":\"https:\/\/imagocertificationandtraining.com\/app\/uploads\/2024\/12\/imago-pro-dev-summary-300x145-1.webp\",\"datePublished\":\"2025-03-24T08:33:39+00:00\",\"breadcrumb\":{\"@id\":\"https:\/\/imagocertificationandtraining.com\/es\/sin-categorizar\/conferencia-anual-imago-austria\/#breadcrumb\"},\"inLanguage\":\"es\",\"potentialAction\":[{\"@type\":\"ReadAction\",\"target\":[\"https:\/\/imagocertificationandtraining.com\/es\/sin-categorizar\/conferencia-anual-imago-austria\/\"]}]},{\"@type\":\"ImageObject\",\"inLanguage\":\"es\",\"@id\":\"https:\/\/imagocertificationandtraining.com\/es\/sin-categorizar\/conferencia-anual-imago-austria\/#primaryimage\",\"url\":\"https:\/\/imagocertificationandtraining.com\/app\/uploads\/2024\/12\/imago-pro-dev-summary-300x145-1.webp\",\"contentUrl\":\"https:\/\/imagocertificationandtraining.com\/app\/uploads\/2024\/12\/imago-pro-dev-summary-300x145-1.webp\",\"width\":300,\"height\":145},{\"@type\":\"BreadcrumbList\",\"@id\":\"https:\/\/imagocertificationandtraining.com\/es\/sin-categorizar\/conferencia-anual-imago-austria\/#breadcrumb\",\"itemListElement\":[{\"@type\":\"ListItem\",\"position\":1,\"name\":\"Home\",\"item\":\"https:\/\/imagocertificationandtraining.com\/es\/\"},{\"@type\":\"ListItem\",\"position\":2,\"name\":\"Conferencia Anual Imago &#8211; Austria\"}]},{\"@type\":\"WebSite\",\"@id\":\"https:\/\/imagocertificationandtraining.com\/es\/#website\",\"url\":\"https:\/\/imagocertificationandtraining.com\/es\/\",\"name\":\"Imago International Training Institute\",\"description\":\"Delivering world class training on relational competency for individuals, couples, and organizations.\",\"publisher\":{\"@id\":\"https:\/\/imagocertificationandtraining.com\/es\/#organization\"},\"potentialAction\":[{\"@type\":\"SearchAction\",\"target\":{\"@type\":\"EntryPoint\",\"urlTemplate\":\"https:\/\/imagocertificationandtraining.com\/es\/?s={search_term_string}\"},\"query-input\":{\"@type\":\"PropertyValueSpecification\",\"valueRequired\":true,\"valueName\":\"search_term_string\"}}],\"inLanguage\":\"es\"},{\"@type\":\"Organization\",\"@id\":\"https:\/\/imagocertificationandtraining.com\/es\/#organization\",\"name\":\"Imago International Training Institute\",\"url\":\"https:\/\/imagocertificationandtraining.com\/es\/\",\"logo\":{\"@type\":\"ImageObject\",\"inLanguage\":\"es\",\"@id\":\"https:\/\/imagocertificationandtraining.com\/es\/#\/schema\/logo\/image\/\",\"url\":\"https:\/\/imagocertificationandtraining.com\/app\/uploads\/2024\/12\/imago-international-training-institute-logo-2-e1733853510222.webp\",\"contentUrl\":\"https:\/\/imagocertificationandtraining.com\/app\/uploads\/2024\/12\/imago-international-training-institute-logo-2-e1733853510222.webp\",\"width\":150,\"height\":35,\"caption\":\"Imago International Training Institute\"},\"image\":{\"@id\":\"https:\/\/imagocertificationandtraining.com\/es\/#\/schema\/logo\/image\/\"}},{\"@type\":\"Person\",\"@id\":\"https:\/\/imagocertificationandtraining.com\/es\/#\/schema\/person\/995a647c49da445ca64d3f8332b74089\",\"name\":\"Pedro\",\"image\":{\"@type\":\"ImageObject\",\"inLanguage\":\"es\",\"@id\":\"https:\/\/imagocertificationandtraining.com\/es\/#\/schema\/person\/image\/\",\"url\":\"https:\/\/secure.gravatar.com\/avatar\/441b0d1cc0c4c40b45a7d3cba45e116cfc3e862267383a71631000f9eca1f659?s=96&d=mm&r=g\",\"contentUrl\":\"https:\/\/secure.gravatar.com\/avatar\/441b0d1cc0c4c40b45a7d3cba45e116cfc3e862267383a71631000f9eca1f659?s=96&d=mm&r=g\",\"caption\":\"Pedro\"},\"url\":\"https:\/\/imagocertificationandtraining.com\/es\/author\/strogonofy\/\"}]}<\/script>\n<!-- \/ Yoast SEO plugin. -->","yoast_head_json":{"title":"Conferencia Anual Imago - Austria - Imago International Training Institute","robots":{"index":"index","follow":"follow","max-snippet":"max-snippet:-1","max-image-preview":"max-image-preview:large","max-video-preview":"max-video-preview:-1"},"canonical":"https:\/\/imagocertificationandtraining.com\/es\/sin-categorizar\/conferencia-anual-imago-austria\/","og_locale":"es_ES","og_type":"article","og_title":"Conferencia Anual Imago - Austria - Imago International Training Institute","og_description":"Durante m\u00e1s de dos d\u00e9cadas, Imago ha organizado conferencias por todo el mundo. Estos eventos son oportunidades de reunirse para compartir, aprender y crecer como comunidad. Consulta las p\u00e1ginas de las conferencias y la inscripci\u00f3n para obtener informaci\u00f3n espec\u00edfica. Normalmente se ofrecen cursos avanzados como parte de cada conferencia. Taller Pre-Conferencia Con Maya Kollman, PHD [&hellip;]","og_url":"https:\/\/imagocertificationandtraining.com\/es\/sin-categorizar\/conferencia-anual-imago-austria\/","og_site_name":"Imago International Training Institute","article_published_time":"2025-03-24T08:33:39+00:00","og_image":[{"width":300,"height":145,"url":"https:\/\/imagocertificationandtraining.com\/wp-content\/uploads\/2024\/12\/imago-pro-dev-summary-300x145-1.webp","type":"image\/webp"}],"author":"Pedro","twitter_card":"summary_large_image","twitter_misc":{"Escrito por":"Pedro"},"schema":{"@context":"https:\/\/schema.org","@graph":[{"@type":"Article","@id":"https:\/\/imagocertificationandtraining.com\/es\/sin-categorizar\/conferencia-anual-imago-austria\/#article","isPartOf":{"@id":"https:\/\/imagocertificationandtraining.com\/es\/sin-categorizar\/conferencia-anual-imago-austria\/"},"author":{"name":"Pedro","@id":"https:\/\/imagocertificationandtraining.com\/es\/#\/schema\/person\/995a647c49da445ca64d3f8332b74089"},"headline":"Conferencia Anual Imago &#8211; Austria","datePublished":"2025-03-24T08:33:39+00:00","mainEntityOfPage":{"@id":"https:\/\/imagocertificationandtraining.com\/es\/sin-categorizar\/conferencia-anual-imago-austria\/"},"wordCount":100,"commentCount":0,"publisher":{"@id":"https:\/\/imagocertificationandtraining.com\/es\/#organization"},"image":{"@id":"https:\/\/imagocertificationandtraining.com\/es\/sin-categorizar\/conferencia-anual-imago-austria\/#primaryimage"},"thumbnailUrl":"https:\/\/imagocertificationandtraining.com\/app\/uploads\/2024\/12\/imago-pro-dev-summary-300x145-1.webp","articleSection":["Sin categorizar"],"inLanguage":"es","potentialAction":[{"@type":"CommentAction","name":"Comment","target":["https:\/\/imagocertificationandtraining.com\/es\/sin-categorizar\/conferencia-anual-imago-austria\/#respond"]}]},{"@type":"WebPage","@id":"https:\/\/imagocertificationandtraining.com\/es\/sin-categorizar\/conferencia-anual-imago-austria\/","url":"https:\/\/imagocertificationandtraining.com\/es\/sin-categorizar\/conferencia-anual-imago-austria\/","name":"Conferencia Anual Imago - Austria - Imago International Training Institute","isPartOf":{"@id":"https:\/\/imagocertificationandtraining.com\/es\/#website"},"primaryImageOfPage":{"@id":"https:\/\/imagocertificationandtraining.com\/es\/sin-categorizar\/conferencia-anual-imago-austria\/#primaryimage"},"image":{"@id":"https:\/\/imagocertificationandtraining.com\/es\/sin-categorizar\/conferencia-anual-imago-austria\/#primaryimage"},"thumbnailUrl":"https:\/\/imagocertificationandtraining.com\/app\/uploads\/2024\/12\/imago-pro-dev-summary-300x145-1.webp","datePublished":"2025-03-24T08:33:39+00:00","breadcrumb":{"@id":"https:\/\/imagocertificationandtraining.com\/es\/sin-categorizar\/conferencia-anual-imago-austria\/#breadcrumb"},"inLanguage":"es","potentialAction":[{"@type":"ReadAction","target":["https:\/\/imagocertificationandtraining.com\/es\/sin-categorizar\/conferencia-anual-imago-austria\/"]}]},{"@type":"ImageObject","inLanguage":"es","@id":"https:\/\/imagocertificationandtraining.com\/es\/sin-categorizar\/conferencia-anual-imago-austria\/#primaryimage","url":"https:\/\/imagocertificationandtraining.com\/app\/uploads\/2024\/12\/imago-pro-dev-summary-300x145-1.webp","contentUrl":"https:\/\/imagocertificationandtraining.com\/app\/uploads\/2024\/12\/imago-pro-dev-summary-300x145-1.webp","width":300,"height":145},{"@type":"BreadcrumbList","@id":"https:\/\/imagocertificationandtraining.com\/es\/sin-categorizar\/conferencia-anual-imago-austria\/#breadcrumb","itemListElement":[{"@type":"ListItem","position":1,"name":"Home","item":"https:\/\/imagocertificationandtraining.com\/es\/"},{"@type":"ListItem","position":2,"name":"Conferencia Anual Imago &#8211; Austria"}]},{"@type":"WebSite","@id":"https:\/\/imagocertificationandtraining.com\/es\/#website","url":"https:\/\/imagocertificationandtraining.com\/es\/","name":"Imago International Training Institute","description":"Delivering world class training on relational competency for individuals, couples, and organizations.","publisher":{"@id":"https:\/\/imagocertificationandtraining.com\/es\/#organization"},"potentialAction":[{"@type":"SearchAction","target":{"@type":"EntryPoint","urlTemplate":"https:\/\/imagocertificationandtraining.com\/es\/?s={search_term_string}"},"query-input":{"@type":"PropertyValueSpecification","valueRequired":true,"valueName":"search_term_string"}}],"inLanguage":"es"},{"@type":"Organization","@id":"https:\/\/imagocertificationandtraining.com\/es\/#organization","name":"Imago International Training Institute","url":"https:\/\/imagocertificationandtraining.com\/es\/","logo":{"@type":"ImageObject","inLanguage":"es","@id":"https:\/\/imagocertificationandtraining.com\/es\/#\/schema\/logo\/image\/","url":"https:\/\/imagocertificationandtraining.com\/app\/uploads\/2024\/12\/imago-international-training-institute-logo-2-e1733853510222.webp","contentUrl":"https:\/\/imagocertificationandtraining.com\/app\/uploads\/2024\/12\/imago-international-training-institute-logo-2-e1733853510222.webp","width":150,"height":35,"caption":"Imago International Training Institute"},"image":{"@id":"https:\/\/imagocertificationandtraining.com\/es\/#\/schema\/logo\/image\/"}},{"@type":"Person","@id":"https:\/\/imagocertificationandtraining.com\/es\/#\/schema\/person\/995a647c49da445ca64d3f8332b74089","name":"Pedro","image":{"@type":"ImageObject","inLanguage":"es","@id":"https:\/\/imagocertificationandtraining.com\/es\/#\/schema\/person\/image\/","url":"https:\/\/secure.gravatar.com\/avatar\/441b0d1cc0c4c40b45a7d3cba45e116cfc3e862267383a71631000f9eca1f659?s=96&d=mm&r=g","contentUrl":"https:\/\/secure.gravatar.com\/avatar\/441b0d1cc0c4c40b45a7d3cba45e116cfc3e862267383a71631000f9eca1f659?s=96&d=mm&r=g","caption":"Pedro"},"url":"https:\/\/imagocertificationandtraining.com\/es\/author\/strogonofy\/"}]}},"_links":{"self":[{"href":"https:\/\/imagocertificationandtraining.com\/es\/wp-json\/wp\/v2\/posts\/6648","targetHints":{"allow":["GET"]}}],"collection":[{"href":"https:\/\/imagocertificationandtraining.com\/es\/wp-json\/wp\/v2\/posts"}],"about":[{"href":"https:\/\/imagocertificationandtraining.com\/es\/wp-json\/wp\/v2\/types\/post"}],"author":[{"embeddable":true,"href":"https:\/\/imagocertificationandtraining.com\/es\/wp-json\/wp\/v2\/users\/66"}],"replies":[{"embeddable":true,"href":"https:\/\/imagocertificationandtraining.com\/es\/wp-json\/wp\/v2\/comments?post=6648"}],"version-history":[{"count":0,"href":"https:\/\/imagocertificationandtraining.com\/es\/wp-json\/wp\/v2\/posts\/6648\/revisions"}],"wp:featuredmedia":[{"embeddable":true,"href":"https:\/\/imagocertificationandtraining.com\/es\/wp-json\/wp\/v2\/media\/2075"}],"wp:attachment":[{"href":"https:\/\/imagocertificationandtraining.com\/es\/wp-json\/wp\/v2\/media?parent=6648"}],"wp:term":[{"taxonomy":"category","embeddable":true,"href":"https:\/\/imagocertificationandtraining.com\/es\/wp-json\/wp\/v2\/categories?post=6648"},{"taxonomy":"post_tag","embeddable":true,"href":"https:\/\/imagocertificationandtraining.com\/es\/wp-json\/wp\/v2\/tags?post=6648"}],"curies":[{"name":"wp","href":"https:\/\/api.w.org\/{rel}","templated":true}]}}