{"id":6551,"date":"2025-03-24T10:33:43","date_gmt":"2025-03-24T08:33:43","guid":{"rendered":"https:\/\/imagocertificationandtraining.com\/non-classifiee\/le-soi-relationnel-travailler-avec-les-individus-dans-le-paradigme-relationnel-cours-avance-2\/"},"modified":"2025-12-09T11:28:06","modified_gmt":"2025-12-09T09:28:06","slug":"le-soi-relationnel-travailler-avec-les-individus-dans-le-paradigme-relationnel-cours-avance-2","status":"publish","type":"post","link":"https:\/\/imagocertificationandtraining.com\/fr\/non-classifiee\/le-soi-relationnel-travailler-avec-les-individus-dans-le-paradigme-relationnel-cours-avance-2\/","title":{"rendered":"Le soi relationnel &#8211; Travailler avec les individus dans le paradigme relationnel Cours avanc\u00e9"},"content":{"rendered":"<p>DESCRIPTION DU COURS<\/p>\n<p>Aucun pr\u00e9requis<\/p>\n<p>La plupart des personnes qui souhaitent s&rsquo;engager dans une relation recherchent le partenaire id\u00e9al. Elles ne comprennent pas ou peu que la personne qu&rsquo;elles choisissent et la relation qu&rsquo;elles entretiennent sont influenc\u00e9es par leur exp\u00e9rience de vie pr\u00e9coce et la formation de leurs d\u00e9fenses caract\u00e9rielles. <\/p>\n<p>Ce cours permettra au th\u00e9rapeute d&rsquo;approfondir sa compr\u00e9hension de la structure du caract\u00e8re et de la mani\u00e8re d&rsquo;aider les personnes \u00e0 modifier leur structure de caract\u00e8re afin d&rsquo;am\u00e9liorer leur choix inconscient d&rsquo;un partenaire, ainsi que l&rsquo;issue de leur relation. Les deux premiers jours de ce cours sont consacr\u00e9s \u00e0 l&rsquo;atelier \u00ab\u00a0Garder l&rsquo;amour que vous avez trouv\u00e9\u00a0\u00bb. L&rsquo;accent est mis sur l&rsquo;abandon des anciennes blessures relationnelles et des anciennes fa\u00e7ons d&rsquo;\u00eatre dans les relations qui n&rsquo;ont pas bien servi, sur la r\u00e9int\u00e9gration des parties manquantes du moi : les parties perdues, ni\u00e9es et reni\u00e9es, et sur l&rsquo;\u00e9laboration d&rsquo;un plan de d\u00e9veloppement personnel. Les trois jours suivants sont consacr\u00e9s \u00e0 la mani\u00e8re d&rsquo;int\u00e9grer ces \u00e9l\u00e9ments dans le travail avec les clients individuels. Trois mod\u00e8les de travail avec des clients individuels dans le cadre du paradigme relationnel pr\u00e9sentent la psychoth\u00e9rapie \u00e0 long terme. Le th\u00e9rapeute est la principale figure d&rsquo;attachement et \u00e9volue avec le client \u00e0 travers les \u00e9tapes du d\u00e9veloppement, un mod\u00e8le de soutien et un mod\u00e8le de coaching relationnel. Con\u00e7u pour aider les th\u00e9rapeutes \u00e0 devenir plus efficaces dans la r\u00e9paration de leurs clients c\u00e9libataires en vue d&rsquo;une relation engag\u00e9e et d&rsquo;un mariage.      <\/p>\n<p>Cette formation est con\u00e7ue pour un travail relationnel en groupe avec une th\u00e9orie et des processus pour montrer aux c\u00e9libataires comment modifier leurs adaptations caract\u00e9rielles dans le cadre d&rsquo;une relation intime. C&rsquo;est dans la relation que nous avons \u00e9t\u00e9 bless\u00e9s et c&rsquo;est seulement dans la relation que nous pouvons \u00eatre gu\u00e9ris. Ce cours est \u00e9galement utile pour les th\u00e9rapeutes qui travaillent sur le caract\u00e8re avec les couples. Exigences du cours : Assister \u00e0 cinq jours (40 heures) de formation, effectuer les lectures demand\u00e9es, participer aux exercices de formation et servir de personnel de soutien clinique dans un atelier pour c\u00e9libataires dans l&rsquo;ann\u00e9e qui suit la fin du cours.   <\/p>\n<p>6 semaines en ligne \u00e0 raison de 3 heures par semaine. De nombreux th\u00e9rapeutes et facilitateurs Imago travaillent avec leurs clients en t\u00eate-\u00e0-t\u00eate. Cette formation, qui est un cours obligatoire pour la certification de Facilitateur et un cours optionnel pour les th\u00e9rapeutes Imago en vue du statut de Clinicien Avanc\u00e9, aide les praticiens \u00e0 adapter les principes et les outils de l&rsquo;Imago au travail avec des clients individuels.  <\/p>\n<p>D\u00c9BUT 27 mars 2025 13 h 00 HE <\/p>\n","protected":false},"excerpt":{"rendered":"<p>DESCRIPTION DU COURS Aucun pr\u00e9requis La plupart des personnes qui souhaitent s&rsquo;engager dans une relation recherchent le partenaire id\u00e9al. Elles ne comprennent pas ou peu que la personne qu&rsquo;elles choisissent et la relation qu&rsquo;elles entretiennent sont influenc\u00e9es par leur exp\u00e9rience de vie pr\u00e9coce et la formation de leurs d\u00e9fenses caract\u00e9rielles. Ce cours permettra au th\u00e9rapeute [&hellip;]<\/p>\n","protected":false},"author":66,"featured_media":6552,"comment_status":"open","ping_status":"open","sticky":false,"template":"","format":"standard","meta":{"footnotes":""},"categories":[104],"tags":[],"class_list":["post-6551","post","type-post","status-publish","format-standard","has-post-thumbnail","hentry","category-non-classifiee"],"yoast_head":"<!-- This site is optimized with the Yoast SEO plugin v26.9 - https:\/\/yoast.com\/product\/yoast-seo-wordpress\/ -->\n<title>Le soi relationnel - Travailler avec les individus dans le paradigme relationnel Cours avanc\u00e9 - Imago International Training Institute<\/title>\n<meta name=\"robots\" content=\"index, follow, max-snippet:-1, max-image-preview:large, max-video-preview:-1\" \/>\n<link rel=\"canonical\" href=\"https:\/\/imagocertificationandtraining.com\/fr\/non-classifiee\/le-soi-relationnel-travailler-avec-les-individus-dans-le-paradigme-relationnel-cours-avance-2\/\" \/>\n<meta property=\"og:locale\" content=\"fr_FR\" \/>\n<meta property=\"og:type\" content=\"article\" \/>\n<meta property=\"og:title\" content=\"Le soi relationnel - Travailler avec les individus dans le paradigme relationnel Cours avanc\u00e9 - Imago International Training Institute\" \/>\n<meta property=\"og:description\" content=\"DESCRIPTION DU COURS Aucun pr\u00e9requis La plupart des personnes qui souhaitent s&rsquo;engager dans une relation recherchent le partenaire id\u00e9al. Elles ne comprennent pas ou peu que la personne qu&rsquo;elles choisissent et la relation qu&rsquo;elles entretiennent sont influenc\u00e9es par leur exp\u00e9rience de vie pr\u00e9coce et la formation de leurs d\u00e9fenses caract\u00e9rielles. Ce cours permettra au th\u00e9rapeute [&hellip;]\" \/>\n<meta property=\"og:url\" content=\"https:\/\/imagocertificationandtraining.com\/fr\/non-classifiee\/le-soi-relationnel-travailler-avec-les-individus-dans-le-paradigme-relationnel-cours-avance-2\/\" \/>\n<meta property=\"og:site_name\" content=\"Imago International Training Institute\" \/>\n<meta property=\"article:published_time\" content=\"2025-03-24T08:33:43+00:00\" \/>\n<meta property=\"article:modified_time\" content=\"2025-12-09T09:28:06+00:00\" \/>\n<meta property=\"og:image\" content=\"https:\/\/imagocertificationandtraining.com\/app\/uploads\/2025\/01\/photo-1508867743401-21ad68d105b1-400x400-1.webp\" \/>\n\t<meta property=\"og:image:width\" content=\"400\" \/>\n\t<meta property=\"og:image:height\" content=\"400\" \/>\n\t<meta property=\"og:image:type\" content=\"image\/webp\" \/>\n<meta name=\"author\" content=\"Pedro\" \/>\n<meta name=\"twitter:card\" content=\"summary_large_image\" \/>\n<meta name=\"twitter:label1\" content=\"\u00c9crit par\" \/>\n\t<meta name=\"twitter:data1\" content=\"Pedro\" \/>\n\t<meta name=\"twitter:label2\" content=\"Dur\u00e9e de lecture estim\u00e9e\" \/>\n\t<meta name=\"twitter:data2\" content=\"2 minutes\" \/>\n<script type=\"application\/ld+json\" class=\"yoast-schema-graph\">{\"@context\":\"https:\/\/schema.org\",\"@graph\":[{\"@type\":\"Article\",\"@id\":\"https:\/\/imagocertificationandtraining.com\/fr\/non-classifiee\/le-soi-relationnel-travailler-avec-les-individus-dans-le-paradigme-relationnel-cours-avance-2\/#article\",\"isPartOf\":{\"@id\":\"https:\/\/imagocertificationandtraining.com\/fr\/non-classifiee\/le-soi-relationnel-travailler-avec-les-individus-dans-le-paradigme-relationnel-cours-avance-2\/\"},\"author\":{\"name\":\"Pedro\",\"@id\":\"https:\/\/imagocertificationandtraining.com\/fr\/#\/schema\/person\/995a647c49da445ca64d3f8332b74089\"},\"headline\":\"Le soi relationnel &#8211; Travailler avec les individus dans le paradigme relationnel Cours avanc\u00e9\",\"datePublished\":\"2025-03-24T08:33:43+00:00\",\"dateModified\":\"2025-12-09T09:28:06+00:00\",\"mainEntityOfPage\":{\"@id\":\"https:\/\/imagocertificationandtraining.com\/fr\/non-classifiee\/le-soi-relationnel-travailler-avec-les-individus-dans-le-paradigme-relationnel-cours-avance-2\/\"},\"wordCount\":500,\"commentCount\":0,\"publisher\":{\"@id\":\"https:\/\/imagocertificationandtraining.com\/fr\/#organization\"},\"image\":{\"@id\":\"https:\/\/imagocertificationandtraining.com\/fr\/non-classifiee\/le-soi-relationnel-travailler-avec-les-individus-dans-le-paradigme-relationnel-cours-avance-2\/#primaryimage\"},\"thumbnailUrl\":\"https:\/\/imagocertificationandtraining.com\/app\/uploads\/2025\/01\/photo-1508867743401-21ad68d105b1-400x400-1.webp\",\"articleSection\":[\"Non classifi\u00e9(e)\"],\"inLanguage\":\"fr-FR\",\"potentialAction\":[{\"@type\":\"CommentAction\",\"name\":\"Comment\",\"target\":[\"https:\/\/imagocertificationandtraining.com\/fr\/non-classifiee\/le-soi-relationnel-travailler-avec-les-individus-dans-le-paradigme-relationnel-cours-avance-2\/#respond\"]}]},{\"@type\":\"WebPage\",\"@id\":\"https:\/\/imagocertificationandtraining.com\/fr\/non-classifiee\/le-soi-relationnel-travailler-avec-les-individus-dans-le-paradigme-relationnel-cours-avance-2\/\",\"url\":\"https:\/\/imagocertificationandtraining.com\/fr\/non-classifiee\/le-soi-relationnel-travailler-avec-les-individus-dans-le-paradigme-relationnel-cours-avance-2\/\",\"name\":\"Le soi relationnel - Travailler avec les individus dans le paradigme relationnel Cours avanc\u00e9 - Imago International Training Institute\",\"isPartOf\":{\"@id\":\"https:\/\/imagocertificationandtraining.com\/fr\/#website\"},\"primaryImageOfPage\":{\"@id\":\"https:\/\/imagocertificationandtraining.com\/fr\/non-classifiee\/le-soi-relationnel-travailler-avec-les-individus-dans-le-paradigme-relationnel-cours-avance-2\/#primaryimage\"},\"image\":{\"@id\":\"https:\/\/imagocertificationandtraining.com\/fr\/non-classifiee\/le-soi-relationnel-travailler-avec-les-individus-dans-le-paradigme-relationnel-cours-avance-2\/#primaryimage\"},\"thumbnailUrl\":\"https:\/\/imagocertificationandtraining.com\/app\/uploads\/2025\/01\/photo-1508867743401-21ad68d105b1-400x400-1.webp\",\"datePublished\":\"2025-03-24T08:33:43+00:00\",\"dateModified\":\"2025-12-09T09:28:06+00:00\",\"breadcrumb\":{\"@id\":\"https:\/\/imagocertificationandtraining.com\/fr\/non-classifiee\/le-soi-relationnel-travailler-avec-les-individus-dans-le-paradigme-relationnel-cours-avance-2\/#breadcrumb\"},\"inLanguage\":\"fr-FR\",\"potentialAction\":[{\"@type\":\"ReadAction\",\"target\":[\"https:\/\/imagocertificationandtraining.com\/fr\/non-classifiee\/le-soi-relationnel-travailler-avec-les-individus-dans-le-paradigme-relationnel-cours-avance-2\/\"]}]},{\"@type\":\"ImageObject\",\"inLanguage\":\"fr-FR\",\"@id\":\"https:\/\/imagocertificationandtraining.com\/fr\/non-classifiee\/le-soi-relationnel-travailler-avec-les-individus-dans-le-paradigme-relationnel-cours-avance-2\/#primaryimage\",\"url\":\"https:\/\/imagocertificationandtraining.com\/app\/uploads\/2025\/01\/photo-1508867743401-21ad68d105b1-400x400-1.webp\",\"contentUrl\":\"https:\/\/imagocertificationandtraining.com\/app\/uploads\/2025\/01\/photo-1508867743401-21ad68d105b1-400x400-1.webp\",\"width\":400,\"height\":400},{\"@type\":\"BreadcrumbList\",\"@id\":\"https:\/\/imagocertificationandtraining.com\/fr\/non-classifiee\/le-soi-relationnel-travailler-avec-les-individus-dans-le-paradigme-relationnel-cours-avance-2\/#breadcrumb\",\"itemListElement\":[{\"@type\":\"ListItem\",\"position\":1,\"name\":\"Home\",\"item\":\"https:\/\/imagocertificationandtraining.com\/fr\/\"},{\"@type\":\"ListItem\",\"position\":2,\"name\":\"Le soi relationnel &#8211; Travailler avec les individus dans le paradigme relationnel Cours avanc\u00e9\"}]},{\"@type\":\"WebSite\",\"@id\":\"https:\/\/imagocertificationandtraining.com\/fr\/#website\",\"url\":\"https:\/\/imagocertificationandtraining.com\/fr\/\",\"name\":\"Imago International Training Institute\",\"description\":\"Delivering world class training on relational competency for individuals, couples, and organizations.\",\"publisher\":{\"@id\":\"https:\/\/imagocertificationandtraining.com\/fr\/#organization\"},\"potentialAction\":[{\"@type\":\"SearchAction\",\"target\":{\"@type\":\"EntryPoint\",\"urlTemplate\":\"https:\/\/imagocertificationandtraining.com\/fr\/?s={search_term_string}\"},\"query-input\":{\"@type\":\"PropertyValueSpecification\",\"valueRequired\":true,\"valueName\":\"search_term_string\"}}],\"inLanguage\":\"fr-FR\"},{\"@type\":\"Organization\",\"@id\":\"https:\/\/imagocertificationandtraining.com\/fr\/#organization\",\"name\":\"Imago International Training Institute\",\"url\":\"https:\/\/imagocertificationandtraining.com\/fr\/\",\"logo\":{\"@type\":\"ImageObject\",\"inLanguage\":\"fr-FR\",\"@id\":\"https:\/\/imagocertificationandtraining.com\/fr\/#\/schema\/logo\/image\/\",\"url\":\"https:\/\/imagocertificationandtraining.com\/app\/uploads\/2024\/12\/imago-international-training-institute-logo-2-e1733853510222.webp\",\"contentUrl\":\"https:\/\/imagocertificationandtraining.com\/app\/uploads\/2024\/12\/imago-international-training-institute-logo-2-e1733853510222.webp\",\"width\":150,\"height\":35,\"caption\":\"Imago International Training Institute\"},\"image\":{\"@id\":\"https:\/\/imagocertificationandtraining.com\/fr\/#\/schema\/logo\/image\/\"}},{\"@type\":\"Person\",\"@id\":\"https:\/\/imagocertificationandtraining.com\/fr\/#\/schema\/person\/995a647c49da445ca64d3f8332b74089\",\"name\":\"Pedro\",\"image\":{\"@type\":\"ImageObject\",\"inLanguage\":\"fr-FR\",\"@id\":\"https:\/\/imagocertificationandtraining.com\/fr\/#\/schema\/person\/image\/\",\"url\":\"https:\/\/secure.gravatar.com\/avatar\/441b0d1cc0c4c40b45a7d3cba45e116cfc3e862267383a71631000f9eca1f659?s=96&d=mm&r=g\",\"contentUrl\":\"https:\/\/secure.gravatar.com\/avatar\/441b0d1cc0c4c40b45a7d3cba45e116cfc3e862267383a71631000f9eca1f659?s=96&d=mm&r=g\",\"caption\":\"Pedro\"},\"url\":\"https:\/\/imagocertificationandtraining.com\/fr\/author\/strogonofy\/\"}]}<\/script>\n<!-- \/ Yoast SEO plugin. -->","yoast_head_json":{"title":"Le soi relationnel - Travailler avec les individus dans le paradigme relationnel Cours avanc\u00e9 - Imago International Training Institute","robots":{"index":"index","follow":"follow","max-snippet":"max-snippet:-1","max-image-preview":"max-image-preview:large","max-video-preview":"max-video-preview:-1"},"canonical":"https:\/\/imagocertificationandtraining.com\/fr\/non-classifiee\/le-soi-relationnel-travailler-avec-les-individus-dans-le-paradigme-relationnel-cours-avance-2\/","og_locale":"fr_FR","og_type":"article","og_title":"Le soi relationnel - Travailler avec les individus dans le paradigme relationnel Cours avanc\u00e9 - Imago International Training Institute","og_description":"DESCRIPTION DU COURS Aucun pr\u00e9requis La plupart des personnes qui souhaitent s&rsquo;engager dans une relation recherchent le partenaire id\u00e9al. Elles ne comprennent pas ou peu que la personne qu&rsquo;elles choisissent et la relation qu&rsquo;elles entretiennent sont influenc\u00e9es par leur exp\u00e9rience de vie pr\u00e9coce et la formation de leurs d\u00e9fenses caract\u00e9rielles. Ce cours permettra au th\u00e9rapeute [&hellip;]","og_url":"https:\/\/imagocertificationandtraining.com\/fr\/non-classifiee\/le-soi-relationnel-travailler-avec-les-individus-dans-le-paradigme-relationnel-cours-avance-2\/","og_site_name":"Imago International Training Institute","article_published_time":"2025-03-24T08:33:43+00:00","article_modified_time":"2025-12-09T09:28:06+00:00","og_image":[{"width":400,"height":400,"url":"https:\/\/imagocertificationandtraining.com\/app\/uploads\/2025\/01\/photo-1508867743401-21ad68d105b1-400x400-1.webp","type":"image\/webp"}],"author":"Pedro","twitter_card":"summary_large_image","twitter_misc":{"\u00c9crit par":"Pedro","Dur\u00e9e de lecture estim\u00e9e":"2 minutes"},"schema":{"@context":"https:\/\/schema.org","@graph":[{"@type":"Article","@id":"https:\/\/imagocertificationandtraining.com\/fr\/non-classifiee\/le-soi-relationnel-travailler-avec-les-individus-dans-le-paradigme-relationnel-cours-avance-2\/#article","isPartOf":{"@id":"https:\/\/imagocertificationandtraining.com\/fr\/non-classifiee\/le-soi-relationnel-travailler-avec-les-individus-dans-le-paradigme-relationnel-cours-avance-2\/"},"author":{"name":"Pedro","@id":"https:\/\/imagocertificationandtraining.com\/fr\/#\/schema\/person\/995a647c49da445ca64d3f8332b74089"},"headline":"Le soi relationnel &#8211; Travailler avec les individus dans le paradigme relationnel Cours avanc\u00e9","datePublished":"2025-03-24T08:33:43+00:00","dateModified":"2025-12-09T09:28:06+00:00","mainEntityOfPage":{"@id":"https:\/\/imagocertificationandtraining.com\/fr\/non-classifiee\/le-soi-relationnel-travailler-avec-les-individus-dans-le-paradigme-relationnel-cours-avance-2\/"},"wordCount":500,"commentCount":0,"publisher":{"@id":"https:\/\/imagocertificationandtraining.com\/fr\/#organization"},"image":{"@id":"https:\/\/imagocertificationandtraining.com\/fr\/non-classifiee\/le-soi-relationnel-travailler-avec-les-individus-dans-le-paradigme-relationnel-cours-avance-2\/#primaryimage"},"thumbnailUrl":"https:\/\/imagocertificationandtraining.com\/app\/uploads\/2025\/01\/photo-1508867743401-21ad68d105b1-400x400-1.webp","articleSection":["Non classifi\u00e9(e)"],"inLanguage":"fr-FR","potentialAction":[{"@type":"CommentAction","name":"Comment","target":["https:\/\/imagocertificationandtraining.com\/fr\/non-classifiee\/le-soi-relationnel-travailler-avec-les-individus-dans-le-paradigme-relationnel-cours-avance-2\/#respond"]}]},{"@type":"WebPage","@id":"https:\/\/imagocertificationandtraining.com\/fr\/non-classifiee\/le-soi-relationnel-travailler-avec-les-individus-dans-le-paradigme-relationnel-cours-avance-2\/","url":"https:\/\/imagocertificationandtraining.com\/fr\/non-classifiee\/le-soi-relationnel-travailler-avec-les-individus-dans-le-paradigme-relationnel-cours-avance-2\/","name":"Le soi relationnel - Travailler avec les individus dans le paradigme relationnel Cours avanc\u00e9 - Imago International Training Institute","isPartOf":{"@id":"https:\/\/imagocertificationandtraining.com\/fr\/#website"},"primaryImageOfPage":{"@id":"https:\/\/imagocertificationandtraining.com\/fr\/non-classifiee\/le-soi-relationnel-travailler-avec-les-individus-dans-le-paradigme-relationnel-cours-avance-2\/#primaryimage"},"image":{"@id":"https:\/\/imagocertificationandtraining.com\/fr\/non-classifiee\/le-soi-relationnel-travailler-avec-les-individus-dans-le-paradigme-relationnel-cours-avance-2\/#primaryimage"},"thumbnailUrl":"https:\/\/imagocertificationandtraining.com\/app\/uploads\/2025\/01\/photo-1508867743401-21ad68d105b1-400x400-1.webp","datePublished":"2025-03-24T08:33:43+00:00","dateModified":"2025-12-09T09:28:06+00:00","breadcrumb":{"@id":"https:\/\/imagocertificationandtraining.com\/fr\/non-classifiee\/le-soi-relationnel-travailler-avec-les-individus-dans-le-paradigme-relationnel-cours-avance-2\/#breadcrumb"},"inLanguage":"fr-FR","potentialAction":[{"@type":"ReadAction","target":["https:\/\/imagocertificationandtraining.com\/fr\/non-classifiee\/le-soi-relationnel-travailler-avec-les-individus-dans-le-paradigme-relationnel-cours-avance-2\/"]}]},{"@type":"ImageObject","inLanguage":"fr-FR","@id":"https:\/\/imagocertificationandtraining.com\/fr\/non-classifiee\/le-soi-relationnel-travailler-avec-les-individus-dans-le-paradigme-relationnel-cours-avance-2\/#primaryimage","url":"https:\/\/imagocertificationandtraining.com\/app\/uploads\/2025\/01\/photo-1508867743401-21ad68d105b1-400x400-1.webp","contentUrl":"https:\/\/imagocertificationandtraining.com\/app\/uploads\/2025\/01\/photo-1508867743401-21ad68d105b1-400x400-1.webp","width":400,"height":400},{"@type":"BreadcrumbList","@id":"https:\/\/imagocertificationandtraining.com\/fr\/non-classifiee\/le-soi-relationnel-travailler-avec-les-individus-dans-le-paradigme-relationnel-cours-avance-2\/#breadcrumb","itemListElement":[{"@type":"ListItem","position":1,"name":"Home","item":"https:\/\/imagocertificationandtraining.com\/fr\/"},{"@type":"ListItem","position":2,"name":"Le soi relationnel &#8211; Travailler avec les individus dans le paradigme relationnel Cours avanc\u00e9"}]},{"@type":"WebSite","@id":"https:\/\/imagocertificationandtraining.com\/fr\/#website","url":"https:\/\/imagocertificationandtraining.com\/fr\/","name":"Imago International Training Institute","description":"Delivering world class training on relational competency for individuals, couples, and organizations.","publisher":{"@id":"https:\/\/imagocertificationandtraining.com\/fr\/#organization"},"potentialAction":[{"@type":"SearchAction","target":{"@type":"EntryPoint","urlTemplate":"https:\/\/imagocertificationandtraining.com\/fr\/?s={search_term_string}"},"query-input":{"@type":"PropertyValueSpecification","valueRequired":true,"valueName":"search_term_string"}}],"inLanguage":"fr-FR"},{"@type":"Organization","@id":"https:\/\/imagocertificationandtraining.com\/fr\/#organization","name":"Imago International Training Institute","url":"https:\/\/imagocertificationandtraining.com\/fr\/","logo":{"@type":"ImageObject","inLanguage":"fr-FR","@id":"https:\/\/imagocertificationandtraining.com\/fr\/#\/schema\/logo\/image\/","url":"https:\/\/imagocertificationandtraining.com\/app\/uploads\/2024\/12\/imago-international-training-institute-logo-2-e1733853510222.webp","contentUrl":"https:\/\/imagocertificationandtraining.com\/app\/uploads\/2024\/12\/imago-international-training-institute-logo-2-e1733853510222.webp","width":150,"height":35,"caption":"Imago International Training Institute"},"image":{"@id":"https:\/\/imagocertificationandtraining.com\/fr\/#\/schema\/logo\/image\/"}},{"@type":"Person","@id":"https:\/\/imagocertificationandtraining.com\/fr\/#\/schema\/person\/995a647c49da445ca64d3f8332b74089","name":"Pedro","image":{"@type":"ImageObject","inLanguage":"fr-FR","@id":"https:\/\/imagocertificationandtraining.com\/fr\/#\/schema\/person\/image\/","url":"https:\/\/secure.gravatar.com\/avatar\/441b0d1cc0c4c40b45a7d3cba45e116cfc3e862267383a71631000f9eca1f659?s=96&d=mm&r=g","contentUrl":"https:\/\/secure.gravatar.com\/avatar\/441b0d1cc0c4c40b45a7d3cba45e116cfc3e862267383a71631000f9eca1f659?s=96&d=mm&r=g","caption":"Pedro"},"url":"https:\/\/imagocertificationandtraining.com\/fr\/author\/strogonofy\/"}]}},"_links":{"self":[{"href":"https:\/\/imagocertificationandtraining.com\/fr\/wp-json\/wp\/v2\/posts\/6551","targetHints":{"allow":["GET"]}}],"collection":[{"href":"https:\/\/imagocertificationandtraining.com\/fr\/wp-json\/wp\/v2\/posts"}],"about":[{"href":"https:\/\/imagocertificationandtraining.com\/fr\/wp-json\/wp\/v2\/types\/post"}],"author":[{"embeddable":true,"href":"https:\/\/imagocertificationandtraining.com\/fr\/wp-json\/wp\/v2\/users\/66"}],"replies":[{"embeddable":true,"href":"https:\/\/imagocertificationandtraining.com\/fr\/wp-json\/wp\/v2\/comments?post=6551"}],"version-history":[{"count":1,"href":"https:\/\/imagocertificationandtraining.com\/fr\/wp-json\/wp\/v2\/posts\/6551\/revisions"}],"predecessor-version":[{"id":7939,"href":"https:\/\/imagocertificationandtraining.com\/fr\/wp-json\/wp\/v2\/posts\/6551\/revisions\/7939"}],"wp:featuredmedia":[{"embeddable":true,"href":"https:\/\/imagocertificationandtraining.com\/fr\/wp-json\/wp\/v2\/media\/6552"}],"wp:attachment":[{"href":"https:\/\/imagocertificationandtraining.com\/fr\/wp-json\/wp\/v2\/media?parent=6551"}],"wp:term":[{"taxonomy":"category","embeddable":true,"href":"https:\/\/imagocertificationandtraining.com\/fr\/wp-json\/wp\/v2\/categories?post=6551"},{"taxonomy":"post_tag","embeddable":true,"href":"https:\/\/imagocertificationandtraining.com\/fr\/wp-json\/wp\/v2\/tags?post=6551"}],"curies":[{"name":"wp","href":"https:\/\/api.w.org\/{rel}","templated":true}]}}