{"id":6649,"date":"2025-03-24T10:33:39","date_gmt":"2025-03-24T08:33:39","guid":{"rendered":"https:\/\/imagocertificationandtraining.com\/uncategorized\/conference-annuelle-imago-autriche\/"},"modified":"2025-03-24T10:33:39","modified_gmt":"2025-03-24T08:33:39","slug":"conference-annuelle-imago-autriche","status":"publish","type":"post","link":"https:\/\/imagocertificationandtraining.com\/fr\/non-classifiee\/conference-annuelle-imago-autriche\/","title":{"rendered":"Conf\u00e9rence annuelle Imago &#8211; Autriche"},"content":{"rendered":"<p>Depuis plus de vingt ans, Imago organise des conf\u00e9rences dans le monde entier. Ces \u00e9v\u00e9nements sont l&rsquo;occasion de se r\u00e9unir pour partager, apprendre et grandir en tant que communaut\u00e9. Veuillez consulter les pages consacr\u00e9es aux conf\u00e9rences et \u00e0 l&rsquo;inscription pour obtenir des informations sp\u00e9cifiques. En g\u00e9n\u00e9ral, des formations avanc\u00e9es sont propos\u00e9es dans le cadre de chaque conf\u00e9rence.   <\/p>\n<p>Atelier pr\u00e9-conf\u00e9rence avec Maya Kollman, PHD<br \/>\n\u00ab\u00a0Internal Family Systems and Imago\u00a0\u00bb<br \/>\n30 avril &#8211; 1er mai 2025, Vienne<\/p>\n<p>Journ\u00e9es Imago 2025 &#8211; \u00ab\u00a0Imago &amp; Trauma\u00a0\u00bb<br \/>\n2 &#8211; 4 mai 2025, Vienne<\/p>\n<p>Plus d&rsquo;informations : https:\/\/www.imagocongress.at\/imago-days-2025-english-information\/<\/p>\n","protected":false},"excerpt":{"rendered":"<p>Depuis plus de vingt ans, Imago organise des conf\u00e9rences dans le monde entier. Ces \u00e9v\u00e9nements sont l&rsquo;occasion de se r\u00e9unir pour partager, apprendre et grandir en tant que communaut\u00e9. Veuillez consulter les pages consacr\u00e9es aux conf\u00e9rences et \u00e0 l&rsquo;inscription pour obtenir des informations sp\u00e9cifiques. En g\u00e9n\u00e9ral, des formations avanc\u00e9es sont propos\u00e9es dans le cadre de [&hellip;]<\/p>\n","protected":false},"author":66,"featured_media":6650,"comment_status":"open","ping_status":"open","sticky":false,"template":"","format":"standard","meta":{"footnotes":""},"categories":[104],"tags":[],"class_list":["post-6649","post","type-post","status-publish","format-standard","has-post-thumbnail","hentry","category-non-classifiee"],"yoast_head":"<!-- This site is optimized with the Yoast SEO plugin v26.9 - https:\/\/yoast.com\/product\/yoast-seo-wordpress\/ -->\n<title>Conf\u00e9rence annuelle Imago - Autriche - Imago International Training Institute<\/title>\n<meta name=\"robots\" content=\"index, follow, max-snippet:-1, max-image-preview:large, max-video-preview:-1\" \/>\n<link rel=\"canonical\" href=\"https:\/\/imagocertificationandtraining.com\/fr\/non-classifiee\/conference-annuelle-imago-autriche\/\" \/>\n<meta property=\"og:locale\" content=\"fr_FR\" \/>\n<meta property=\"og:type\" content=\"article\" \/>\n<meta property=\"og:title\" content=\"Conf\u00e9rence annuelle Imago - Autriche - Imago International Training Institute\" \/>\n<meta property=\"og:description\" content=\"Depuis plus de vingt ans, Imago organise des conf\u00e9rences dans le monde entier. Ces \u00e9v\u00e9nements sont l&rsquo;occasion de se r\u00e9unir pour partager, apprendre et grandir en tant que communaut\u00e9. Veuillez consulter les pages consacr\u00e9es aux conf\u00e9rences et \u00e0 l&rsquo;inscription pour obtenir des informations sp\u00e9cifiques. En g\u00e9n\u00e9ral, des formations avanc\u00e9es sont propos\u00e9es dans le cadre de [&hellip;]\" \/>\n<meta property=\"og:url\" content=\"https:\/\/imagocertificationandtraining.com\/fr\/non-classifiee\/conference-annuelle-imago-autriche\/\" \/>\n<meta property=\"og:site_name\" content=\"Imago International Training Institute\" \/>\n<meta property=\"article:published_time\" content=\"2025-03-24T08:33:39+00:00\" \/>\n<meta property=\"og:image\" content=\"https:\/\/imagocertificationandtraining.com\/wp-content\/uploads\/2024\/12\/imago-pro-dev-summary-300x145-1.webp\" \/>\n\t<meta property=\"og:image:width\" content=\"300\" \/>\n\t<meta property=\"og:image:height\" content=\"145\" \/>\n\t<meta property=\"og:image:type\" content=\"image\/webp\" \/>\n<meta name=\"author\" content=\"Pedro\" \/>\n<meta name=\"twitter:card\" content=\"summary_large_image\" \/>\n<meta name=\"twitter:label1\" content=\"\u00c9crit par\" \/>\n\t<meta name=\"twitter:data1\" content=\"Pedro\" \/>\n\t<meta name=\"twitter:label2\" content=\"Dur\u00e9e de lecture estim\u00e9e\" \/>\n\t<meta name=\"twitter:data2\" content=\"1 minute\" \/>\n<script type=\"application\/ld+json\" class=\"yoast-schema-graph\">{\"@context\":\"https:\/\/schema.org\",\"@graph\":[{\"@type\":\"Article\",\"@id\":\"https:\/\/imagocertificationandtraining.com\/fr\/non-classifiee\/conference-annuelle-imago-autriche\/#article\",\"isPartOf\":{\"@id\":\"https:\/\/imagocertificationandtraining.com\/fr\/non-classifiee\/conference-annuelle-imago-autriche\/\"},\"author\":{\"name\":\"Pedro\",\"@id\":\"https:\/\/imagocertificationandtraining.com\/fr\/#\/schema\/person\/995a647c49da445ca64d3f8332b74089\"},\"headline\":\"Conf\u00e9rence annuelle Imago &#8211; Autriche\",\"datePublished\":\"2025-03-24T08:33:39+00:00\",\"mainEntityOfPage\":{\"@id\":\"https:\/\/imagocertificationandtraining.com\/fr\/non-classifiee\/conference-annuelle-imago-autriche\/\"},\"wordCount\":112,\"commentCount\":0,\"publisher\":{\"@id\":\"https:\/\/imagocertificationandtraining.com\/fr\/#organization\"},\"image\":{\"@id\":\"https:\/\/imagocertificationandtraining.com\/fr\/non-classifiee\/conference-annuelle-imago-autriche\/#primaryimage\"},\"thumbnailUrl\":\"https:\/\/imagocertificationandtraining.com\/app\/uploads\/2024\/12\/imago-pro-dev-summary-300x145-1.webp\",\"articleSection\":[\"Non classifi\u00e9(e)\"],\"inLanguage\":\"fr-FR\",\"potentialAction\":[{\"@type\":\"CommentAction\",\"name\":\"Comment\",\"target\":[\"https:\/\/imagocertificationandtraining.com\/fr\/non-classifiee\/conference-annuelle-imago-autriche\/#respond\"]}]},{\"@type\":\"WebPage\",\"@id\":\"https:\/\/imagocertificationandtraining.com\/fr\/non-classifiee\/conference-annuelle-imago-autriche\/\",\"url\":\"https:\/\/imagocertificationandtraining.com\/fr\/non-classifiee\/conference-annuelle-imago-autriche\/\",\"name\":\"Conf\u00e9rence annuelle Imago - Autriche - Imago International Training Institute\",\"isPartOf\":{\"@id\":\"https:\/\/imagocertificationandtraining.com\/fr\/#website\"},\"primaryImageOfPage\":{\"@id\":\"https:\/\/imagocertificationandtraining.com\/fr\/non-classifiee\/conference-annuelle-imago-autriche\/#primaryimage\"},\"image\":{\"@id\":\"https:\/\/imagocertificationandtraining.com\/fr\/non-classifiee\/conference-annuelle-imago-autriche\/#primaryimage\"},\"thumbnailUrl\":\"https:\/\/imagocertificationandtraining.com\/app\/uploads\/2024\/12\/imago-pro-dev-summary-300x145-1.webp\",\"datePublished\":\"2025-03-24T08:33:39+00:00\",\"breadcrumb\":{\"@id\":\"https:\/\/imagocertificationandtraining.com\/fr\/non-classifiee\/conference-annuelle-imago-autriche\/#breadcrumb\"},\"inLanguage\":\"fr-FR\",\"potentialAction\":[{\"@type\":\"ReadAction\",\"target\":[\"https:\/\/imagocertificationandtraining.com\/fr\/non-classifiee\/conference-annuelle-imago-autriche\/\"]}]},{\"@type\":\"ImageObject\",\"inLanguage\":\"fr-FR\",\"@id\":\"https:\/\/imagocertificationandtraining.com\/fr\/non-classifiee\/conference-annuelle-imago-autriche\/#primaryimage\",\"url\":\"https:\/\/imagocertificationandtraining.com\/app\/uploads\/2024\/12\/imago-pro-dev-summary-300x145-1.webp\",\"contentUrl\":\"https:\/\/imagocertificationandtraining.com\/app\/uploads\/2024\/12\/imago-pro-dev-summary-300x145-1.webp\",\"width\":300,\"height\":145},{\"@type\":\"BreadcrumbList\",\"@id\":\"https:\/\/imagocertificationandtraining.com\/fr\/non-classifiee\/conference-annuelle-imago-autriche\/#breadcrumb\",\"itemListElement\":[{\"@type\":\"ListItem\",\"position\":1,\"name\":\"Home\",\"item\":\"https:\/\/imagocertificationandtraining.com\/fr\/\"},{\"@type\":\"ListItem\",\"position\":2,\"name\":\"Conf\u00e9rence annuelle Imago &#8211; Autriche\"}]},{\"@type\":\"WebSite\",\"@id\":\"https:\/\/imagocertificationandtraining.com\/fr\/#website\",\"url\":\"https:\/\/imagocertificationandtraining.com\/fr\/\",\"name\":\"Imago International Training Institute\",\"description\":\"Delivering world class training on relational competency for individuals, couples, and organizations.\",\"publisher\":{\"@id\":\"https:\/\/imagocertificationandtraining.com\/fr\/#organization\"},\"potentialAction\":[{\"@type\":\"SearchAction\",\"target\":{\"@type\":\"EntryPoint\",\"urlTemplate\":\"https:\/\/imagocertificationandtraining.com\/fr\/?s={search_term_string}\"},\"query-input\":{\"@type\":\"PropertyValueSpecification\",\"valueRequired\":true,\"valueName\":\"search_term_string\"}}],\"inLanguage\":\"fr-FR\"},{\"@type\":\"Organization\",\"@id\":\"https:\/\/imagocertificationandtraining.com\/fr\/#organization\",\"name\":\"Imago International Training Institute\",\"url\":\"https:\/\/imagocertificationandtraining.com\/fr\/\",\"logo\":{\"@type\":\"ImageObject\",\"inLanguage\":\"fr-FR\",\"@id\":\"https:\/\/imagocertificationandtraining.com\/fr\/#\/schema\/logo\/image\/\",\"url\":\"https:\/\/imagocertificationandtraining.com\/app\/uploads\/2024\/12\/imago-international-training-institute-logo-2-e1733853510222.webp\",\"contentUrl\":\"https:\/\/imagocertificationandtraining.com\/app\/uploads\/2024\/12\/imago-international-training-institute-logo-2-e1733853510222.webp\",\"width\":150,\"height\":35,\"caption\":\"Imago International Training Institute\"},\"image\":{\"@id\":\"https:\/\/imagocertificationandtraining.com\/fr\/#\/schema\/logo\/image\/\"}},{\"@type\":\"Person\",\"@id\":\"https:\/\/imagocertificationandtraining.com\/fr\/#\/schema\/person\/995a647c49da445ca64d3f8332b74089\",\"name\":\"Pedro\",\"image\":{\"@type\":\"ImageObject\",\"inLanguage\":\"fr-FR\",\"@id\":\"https:\/\/imagocertificationandtraining.com\/fr\/#\/schema\/person\/image\/\",\"url\":\"https:\/\/secure.gravatar.com\/avatar\/441b0d1cc0c4c40b45a7d3cba45e116cfc3e862267383a71631000f9eca1f659?s=96&d=mm&r=g\",\"contentUrl\":\"https:\/\/secure.gravatar.com\/avatar\/441b0d1cc0c4c40b45a7d3cba45e116cfc3e862267383a71631000f9eca1f659?s=96&d=mm&r=g\",\"caption\":\"Pedro\"},\"url\":\"https:\/\/imagocertificationandtraining.com\/fr\/author\/strogonofy\/\"}]}<\/script>\n<!-- \/ Yoast SEO plugin. -->","yoast_head_json":{"title":"Conf\u00e9rence annuelle Imago - Autriche - Imago International Training Institute","robots":{"index":"index","follow":"follow","max-snippet":"max-snippet:-1","max-image-preview":"max-image-preview:large","max-video-preview":"max-video-preview:-1"},"canonical":"https:\/\/imagocertificationandtraining.com\/fr\/non-classifiee\/conference-annuelle-imago-autriche\/","og_locale":"fr_FR","og_type":"article","og_title":"Conf\u00e9rence annuelle Imago - Autriche - Imago International Training Institute","og_description":"Depuis plus de vingt ans, Imago organise des conf\u00e9rences dans le monde entier. Ces \u00e9v\u00e9nements sont l&rsquo;occasion de se r\u00e9unir pour partager, apprendre et grandir en tant que communaut\u00e9. Veuillez consulter les pages consacr\u00e9es aux conf\u00e9rences et \u00e0 l&rsquo;inscription pour obtenir des informations sp\u00e9cifiques. En g\u00e9n\u00e9ral, des formations avanc\u00e9es sont propos\u00e9es dans le cadre de [&hellip;]","og_url":"https:\/\/imagocertificationandtraining.com\/fr\/non-classifiee\/conference-annuelle-imago-autriche\/","og_site_name":"Imago International Training Institute","article_published_time":"2025-03-24T08:33:39+00:00","og_image":[{"width":300,"height":145,"url":"https:\/\/imagocertificationandtraining.com\/wp-content\/uploads\/2024\/12\/imago-pro-dev-summary-300x145-1.webp","type":"image\/webp"}],"author":"Pedro","twitter_card":"summary_large_image","twitter_misc":{"\u00c9crit par":"Pedro","Dur\u00e9e de lecture estim\u00e9e":"1 minute"},"schema":{"@context":"https:\/\/schema.org","@graph":[{"@type":"Article","@id":"https:\/\/imagocertificationandtraining.com\/fr\/non-classifiee\/conference-annuelle-imago-autriche\/#article","isPartOf":{"@id":"https:\/\/imagocertificationandtraining.com\/fr\/non-classifiee\/conference-annuelle-imago-autriche\/"},"author":{"name":"Pedro","@id":"https:\/\/imagocertificationandtraining.com\/fr\/#\/schema\/person\/995a647c49da445ca64d3f8332b74089"},"headline":"Conf\u00e9rence annuelle Imago &#8211; Autriche","datePublished":"2025-03-24T08:33:39+00:00","mainEntityOfPage":{"@id":"https:\/\/imagocertificationandtraining.com\/fr\/non-classifiee\/conference-annuelle-imago-autriche\/"},"wordCount":112,"commentCount":0,"publisher":{"@id":"https:\/\/imagocertificationandtraining.com\/fr\/#organization"},"image":{"@id":"https:\/\/imagocertificationandtraining.com\/fr\/non-classifiee\/conference-annuelle-imago-autriche\/#primaryimage"},"thumbnailUrl":"https:\/\/imagocertificationandtraining.com\/app\/uploads\/2024\/12\/imago-pro-dev-summary-300x145-1.webp","articleSection":["Non classifi\u00e9(e)"],"inLanguage":"fr-FR","potentialAction":[{"@type":"CommentAction","name":"Comment","target":["https:\/\/imagocertificationandtraining.com\/fr\/non-classifiee\/conference-annuelle-imago-autriche\/#respond"]}]},{"@type":"WebPage","@id":"https:\/\/imagocertificationandtraining.com\/fr\/non-classifiee\/conference-annuelle-imago-autriche\/","url":"https:\/\/imagocertificationandtraining.com\/fr\/non-classifiee\/conference-annuelle-imago-autriche\/","name":"Conf\u00e9rence annuelle Imago - Autriche - Imago International Training Institute","isPartOf":{"@id":"https:\/\/imagocertificationandtraining.com\/fr\/#website"},"primaryImageOfPage":{"@id":"https:\/\/imagocertificationandtraining.com\/fr\/non-classifiee\/conference-annuelle-imago-autriche\/#primaryimage"},"image":{"@id":"https:\/\/imagocertificationandtraining.com\/fr\/non-classifiee\/conference-annuelle-imago-autriche\/#primaryimage"},"thumbnailUrl":"https:\/\/imagocertificationandtraining.com\/app\/uploads\/2024\/12\/imago-pro-dev-summary-300x145-1.webp","datePublished":"2025-03-24T08:33:39+00:00","breadcrumb":{"@id":"https:\/\/imagocertificationandtraining.com\/fr\/non-classifiee\/conference-annuelle-imago-autriche\/#breadcrumb"},"inLanguage":"fr-FR","potentialAction":[{"@type":"ReadAction","target":["https:\/\/imagocertificationandtraining.com\/fr\/non-classifiee\/conference-annuelle-imago-autriche\/"]}]},{"@type":"ImageObject","inLanguage":"fr-FR","@id":"https:\/\/imagocertificationandtraining.com\/fr\/non-classifiee\/conference-annuelle-imago-autriche\/#primaryimage","url":"https:\/\/imagocertificationandtraining.com\/app\/uploads\/2024\/12\/imago-pro-dev-summary-300x145-1.webp","contentUrl":"https:\/\/imagocertificationandtraining.com\/app\/uploads\/2024\/12\/imago-pro-dev-summary-300x145-1.webp","width":300,"height":145},{"@type":"BreadcrumbList","@id":"https:\/\/imagocertificationandtraining.com\/fr\/non-classifiee\/conference-annuelle-imago-autriche\/#breadcrumb","itemListElement":[{"@type":"ListItem","position":1,"name":"Home","item":"https:\/\/imagocertificationandtraining.com\/fr\/"},{"@type":"ListItem","position":2,"name":"Conf\u00e9rence annuelle Imago &#8211; Autriche"}]},{"@type":"WebSite","@id":"https:\/\/imagocertificationandtraining.com\/fr\/#website","url":"https:\/\/imagocertificationandtraining.com\/fr\/","name":"Imago International Training Institute","description":"Delivering world class training on relational competency for individuals, couples, and organizations.","publisher":{"@id":"https:\/\/imagocertificationandtraining.com\/fr\/#organization"},"potentialAction":[{"@type":"SearchAction","target":{"@type":"EntryPoint","urlTemplate":"https:\/\/imagocertificationandtraining.com\/fr\/?s={search_term_string}"},"query-input":{"@type":"PropertyValueSpecification","valueRequired":true,"valueName":"search_term_string"}}],"inLanguage":"fr-FR"},{"@type":"Organization","@id":"https:\/\/imagocertificationandtraining.com\/fr\/#organization","name":"Imago International Training Institute","url":"https:\/\/imagocertificationandtraining.com\/fr\/","logo":{"@type":"ImageObject","inLanguage":"fr-FR","@id":"https:\/\/imagocertificationandtraining.com\/fr\/#\/schema\/logo\/image\/","url":"https:\/\/imagocertificationandtraining.com\/app\/uploads\/2024\/12\/imago-international-training-institute-logo-2-e1733853510222.webp","contentUrl":"https:\/\/imagocertificationandtraining.com\/app\/uploads\/2024\/12\/imago-international-training-institute-logo-2-e1733853510222.webp","width":150,"height":35,"caption":"Imago International Training Institute"},"image":{"@id":"https:\/\/imagocertificationandtraining.com\/fr\/#\/schema\/logo\/image\/"}},{"@type":"Person","@id":"https:\/\/imagocertificationandtraining.com\/fr\/#\/schema\/person\/995a647c49da445ca64d3f8332b74089","name":"Pedro","image":{"@type":"ImageObject","inLanguage":"fr-FR","@id":"https:\/\/imagocertificationandtraining.com\/fr\/#\/schema\/person\/image\/","url":"https:\/\/secure.gravatar.com\/avatar\/441b0d1cc0c4c40b45a7d3cba45e116cfc3e862267383a71631000f9eca1f659?s=96&d=mm&r=g","contentUrl":"https:\/\/secure.gravatar.com\/avatar\/441b0d1cc0c4c40b45a7d3cba45e116cfc3e862267383a71631000f9eca1f659?s=96&d=mm&r=g","caption":"Pedro"},"url":"https:\/\/imagocertificationandtraining.com\/fr\/author\/strogonofy\/"}]}},"_links":{"self":[{"href":"https:\/\/imagocertificationandtraining.com\/fr\/wp-json\/wp\/v2\/posts\/6649","targetHints":{"allow":["GET"]}}],"collection":[{"href":"https:\/\/imagocertificationandtraining.com\/fr\/wp-json\/wp\/v2\/posts"}],"about":[{"href":"https:\/\/imagocertificationandtraining.com\/fr\/wp-json\/wp\/v2\/types\/post"}],"author":[{"embeddable":true,"href":"https:\/\/imagocertificationandtraining.com\/fr\/wp-json\/wp\/v2\/users\/66"}],"replies":[{"embeddable":true,"href":"https:\/\/imagocertificationandtraining.com\/fr\/wp-json\/wp\/v2\/comments?post=6649"}],"version-history":[{"count":0,"href":"https:\/\/imagocertificationandtraining.com\/fr\/wp-json\/wp\/v2\/posts\/6649\/revisions"}],"wp:featuredmedia":[{"embeddable":true,"href":"https:\/\/imagocertificationandtraining.com\/fr\/wp-json\/wp\/v2\/media\/6650"}],"wp:attachment":[{"href":"https:\/\/imagocertificationandtraining.com\/fr\/wp-json\/wp\/v2\/media?parent=6649"}],"wp:term":[{"taxonomy":"category","embeddable":true,"href":"https:\/\/imagocertificationandtraining.com\/fr\/wp-json\/wp\/v2\/categories?post=6649"},{"taxonomy":"post_tag","embeddable":true,"href":"https:\/\/imagocertificationandtraining.com\/fr\/wp-json\/wp\/v2\/tags?post=6649"}],"curies":[{"name":"wp","href":"https:\/\/api.w.org\/{rel}","templated":true}]}}