{"id":6971,"date":"2025-03-24T10:33:39","date_gmt":"2025-03-24T08:33:39","guid":{"rendered":"https:\/\/imagocertificationandtraining.com\/non-classifiee\/lart-de-la-formation-a-la-supervision-imago-partie-1-de-2\/"},"modified":"2025-12-09T11:28:07","modified_gmt":"2025-12-09T09:28:07","slug":"lart-de-la-formation-a-la-supervision-imago-partie-1-de-2","status":"publish","type":"post","link":"https:\/\/imagocertificationandtraining.com\/fr\/non-classifiee\/lart-de-la-formation-a-la-supervision-imago-partie-1-de-2\/","title":{"rendered":"L&rsquo;art de la formation \u00e0 la supervision Imago (Partie 1 de 2)"},"content":{"rendered":"<p>DESCRIPTION DU COURS<\/p>\n<p>Cette formation \u00e0 la supervision Imago* est ouverte aux th\u00e9rapeutes relationnels Imago certifi\u00e9s (IRT) ayant suivi deux des cours Imago avanc\u00e9s suivants : The Attuned Therapist, Despair to Repair, Giving and Receiving Love, ou Brilliant at the Basics ou ayant d\u00e9j\u00e0 atteint le niveau avanc\u00e9 Imago Therapist : Niveau trois.<\/p>\n<p>Le superviseur Imago incarne la th\u00e9orie Imago lorsqu&rsquo;il donne un retour d&rsquo;information \u00e0 ses coll\u00e8gues professionnels, dans le cadre de l&rsquo;auto-supervision et \u00e0 ceux qui souhaitent \u00eatre supervis\u00e9s par lui.&nbsp;Approfondissez votre int\u00e9gration du paradigme relationnel.<\/p>\n<p>REMARQUE : Apr\u00e8s avoir suivi cette formation de 3 jours \u00e0 la supervision Imago avanc\u00e9e, les participants ont la possibilit\u00e9 de poursuivre leur formation pour devenir des superviseurs cliniques Imago certifi\u00e9s. Consultez ce cours pour conna\u00eetre les conditions requises. Des frais suppl\u00e9mentaires s&rsquo;appliquent.  <\/p>\n<p>* Dans certaines parties du monde, le titre est Certified Imago Consultant et d&rsquo;autres ont choisi d&rsquo;utiliser Certified Imago Supervisor.<\/p>\n<p>OBJECTIFS D&rsquo;APPRENTISSAGE &#8212;&#8212;&#8212;&#8212;&#8212;&#8212;-<\/p>\n<p>&#8211; Apprenez \u00e0 consulter des cas en profondeur \u00e0 travers la lentille Imago.<\/p>\n<p>&#8211; Approfondir votre capacit\u00e9 \u00e0 superviser vos propres couples.<\/p>\n<p>&#8211; Apprendre et pratiquer quatre mod\u00e8les de supervision pour la supervision individuelle et de groupe.<\/p>\n<p>&#8211; Explorez comment nos parties perdues affectent notre ph\u00e9nom\u00e9nologie, nos luttes cliniques et peuvent avoir un impact sur notre capacit\u00e9 \u00e0 \u00eatre objectif en tant que superviseur.<\/p>\n<p>&#8211; Devenir un superviseur et un coll\u00e8gue encore plus s\u00fbrs lorsqu&rsquo;il s&rsquo;agit d&rsquo;animer des consultations individuelles ou de diriger des groupes de supervision.<\/p>\n<p>Du d\u00e9sespoir \u00e0 la r\u00e9paration Lundi 7 &#8211; 9 avril<\/p>\n<p>Nous inclurons l&rsquo;Art de la Supervision pour moiti\u00e9 prix si vous vous inscrivez \u00e0 ces deux cours avanc\u00e9s.<\/p>\n<p>* Samedi 5 et 6 avril &#8211; Travail sur la respiration Wim Hof, bain de glace et voyage de nuit \u00e0 La Senda 275 $ par personne *15 personnes minimum Vous devez vous inscrire en envoyant votre paiement OPTIONNEL<br \/>\n* Lundi 7 avril &#8211; D\u00eener de bienvenue au coucher du soleil 75 $ par personne &#8211; \u00c9v\u00e9nement de groupe \u00ab\u00a0Despair to Repair\u00a0\u00bb (du d\u00e9sespoir \u00e0 la r\u00e9paration)<br \/>\n* Du lundi 7 avril au mercredi 9 avril Du d\u00e9sespoir \u00e0 la r\u00e9paration<br \/>\n* Jeudi 10 avril &#8211; Journ\u00e9e compl\u00e8te \u00e0 Ric\u00f3n de la Vieja (chute d&rsquo;eau, bain de boue, sources d&rsquo;eau chaude et rafting avec d\u00e9jeuner) 195 $ par personne Vous devez vous inscrire en envoyant votre paiement OPTIONNEL<br \/>\n* Vendredi 11 avril &#8211; Cacao et bain de son \u00e0 La Senda avec un d\u00eener de la ferme \u00e0 la table 125 $ par personne &#8211; \u00e9v\u00e9nement de groupe<br \/>\n* Samedi 12 avril &#8211; Petit-d\u00e9jeuner \u00e0 Tamarindo sur la plage et march\u00e9 de producteurs dans la matin\u00e9e OPTIONNEL<br \/>\n* Samedi 12 avril &#8211; 1\/2 tour en catamaran avec d\u00e9jeuner et snorkeling 150$ par personne Opt In OPTIONAL OU 1\/2 journ\u00e9e spa 3 traitements avec d\u00e9jeuner 380$ par personne Vous devez Opt In en envoyant votre paiement Opt In OPTIONAL<br \/>\n* Dimanche 13 avril &#8211; Mardi 15 avril L&rsquo;art de la supervision<br \/>\n* Mardi 15 avril &#8211; D\u00eener de cl\u00f4ture \u00e0 d\u00e9terminer<br \/>\n* Mercredi 16 avril Toute la journ\u00e9e Diamante Park pour la tyrolienne et le zoo 195 $ par personne Vous devez vous inscrire en envoyant votre paiement OPTIONNEL<br \/>\nNOTE Toutes les activit\u00e9s comprennent le transport<\/p>\n<p>Autres d\u00e9penses \u00e0 pr\u00e9voir :<br \/>\nCours de surf 50 $ par personne et par jour, cours de yoga, autres repas non mentionn\u00e9s ici, billet d&rsquo;avion et h\u00e9bergement.<\/p>\n<p>Si vous participez aux deux formations, j&rsquo;ai besoin d&rsquo;un acompte de 200 $ pour les repas de groupe avant la mi-novembre.<br \/>\nContactez Michelle et elle vous aidera \u00e0 coordonner l&rsquo;h\u00e9bergement. michelle@bohls.net<\/p>\n<p>L&rsquo;art de la supervision Dimanche 13 &#8211; 15 avril<\/p>\n<p>D\u00c9BUT Le 13 avril 2025 9h00 CST<\/p>\n<p>Contact : michelle@bohls.net<\/p>\n","protected":false},"excerpt":{"rendered":"<p>DESCRIPTION DU COURS Cette formation \u00e0 la supervision Imago* est ouverte aux th\u00e9rapeutes relationnels Imago certifi\u00e9s (IRT) ayant suivi deux des cours Imago avanc\u00e9s suivants : The Attuned Therapist, Despair to Repair, Giving and Receiving Love, ou Brilliant at the Basics ou ayant d\u00e9j\u00e0 atteint le niveau avanc\u00e9 Imago Therapist : Niveau trois. Le superviseur [&hellip;]<\/p>\n","protected":false},"author":66,"featured_media":6973,"comment_status":"open","ping_status":"open","sticky":false,"template":"","format":"standard","meta":{"footnotes":""},"categories":[104],"tags":[],"class_list":["post-6971","post","type-post","status-publish","format-standard","has-post-thumbnail","hentry","category-non-classifiee"],"yoast_head":"<!-- This site is optimized with the Yoast SEO plugin v26.9 - https:\/\/yoast.com\/product\/yoast-seo-wordpress\/ -->\n<title>L&#039;art de la formation \u00e0 la supervision Imago (Partie 1 de 2) - Imago International Training Institute<\/title>\n<meta name=\"robots\" content=\"index, follow, max-snippet:-1, max-image-preview:large, max-video-preview:-1\" \/>\n<link rel=\"canonical\" href=\"https:\/\/imagocertificationandtraining.com\/fr\/non-classifiee\/lart-de-la-formation-a-la-supervision-imago-partie-1-de-2\/\" \/>\n<meta property=\"og:locale\" content=\"fr_FR\" \/>\n<meta property=\"og:type\" content=\"article\" \/>\n<meta property=\"og:title\" content=\"L&#039;art de la formation \u00e0 la supervision Imago (Partie 1 de 2) - Imago International Training Institute\" \/>\n<meta property=\"og:description\" content=\"DESCRIPTION DU COURS Cette formation \u00e0 la supervision Imago* est ouverte aux th\u00e9rapeutes relationnels Imago certifi\u00e9s (IRT) ayant suivi deux des cours Imago avanc\u00e9s suivants : The Attuned Therapist, Despair to Repair, Giving and Receiving Love, ou Brilliant at the Basics ou ayant d\u00e9j\u00e0 atteint le niveau avanc\u00e9 Imago Therapist : Niveau trois. Le superviseur [&hellip;]\" \/>\n<meta property=\"og:url\" content=\"https:\/\/imagocertificationandtraining.com\/fr\/non-classifiee\/lart-de-la-formation-a-la-supervision-imago-partie-1-de-2\/\" \/>\n<meta property=\"og:site_name\" content=\"Imago International Training Institute\" \/>\n<meta property=\"article:published_time\" content=\"2025-03-24T08:33:39+00:00\" \/>\n<meta property=\"article:modified_time\" content=\"2025-12-09T09:28:07+00:00\" \/>\n<meta property=\"og:image\" content=\"https:\/\/imagocertificationandtraining.com\/app\/uploads\/2025\/01\/shutterstock_676407133-400x400-1.webp\" \/>\n\t<meta property=\"og:image:width\" content=\"400\" \/>\n\t<meta property=\"og:image:height\" content=\"400\" \/>\n\t<meta property=\"og:image:type\" content=\"image\/webp\" \/>\n<meta name=\"author\" content=\"Pedro\" \/>\n<meta name=\"twitter:card\" content=\"summary_large_image\" \/>\n<meta name=\"twitter:label1\" content=\"\u00c9crit par\" \/>\n\t<meta name=\"twitter:data1\" content=\"Pedro\" \/>\n\t<meta name=\"twitter:label2\" content=\"Dur\u00e9e de lecture estim\u00e9e\" \/>\n\t<meta name=\"twitter:data2\" content=\"3 minutes\" \/>\n<script type=\"application\/ld+json\" class=\"yoast-schema-graph\">{\"@context\":\"https:\/\/schema.org\",\"@graph\":[{\"@type\":\"Article\",\"@id\":\"https:\/\/imagocertificationandtraining.com\/fr\/non-classifiee\/lart-de-la-formation-a-la-supervision-imago-partie-1-de-2\/#article\",\"isPartOf\":{\"@id\":\"https:\/\/imagocertificationandtraining.com\/fr\/non-classifiee\/lart-de-la-formation-a-la-supervision-imago-partie-1-de-2\/\"},\"author\":{\"name\":\"Pedro\",\"@id\":\"https:\/\/imagocertificationandtraining.com\/fr\/#\/schema\/person\/995a647c49da445ca64d3f8332b74089\"},\"headline\":\"L&rsquo;art de la formation \u00e0 la supervision Imago (Partie 1 de 2)\",\"datePublished\":\"2025-03-24T08:33:39+00:00\",\"dateModified\":\"2025-12-09T09:28:07+00:00\",\"mainEntityOfPage\":{\"@id\":\"https:\/\/imagocertificationandtraining.com\/fr\/non-classifiee\/lart-de-la-formation-a-la-supervision-imago-partie-1-de-2\/\"},\"wordCount\":619,\"commentCount\":0,\"publisher\":{\"@id\":\"https:\/\/imagocertificationandtraining.com\/fr\/#organization\"},\"image\":{\"@id\":\"https:\/\/imagocertificationandtraining.com\/fr\/non-classifiee\/lart-de-la-formation-a-la-supervision-imago-partie-1-de-2\/#primaryimage\"},\"thumbnailUrl\":\"https:\/\/imagocertificationandtraining.com\/app\/uploads\/2025\/01\/shutterstock_676407133-400x400-1.webp\",\"articleSection\":[\"Non classifi\u00e9(e)\"],\"inLanguage\":\"fr-FR\",\"potentialAction\":[{\"@type\":\"CommentAction\",\"name\":\"Comment\",\"target\":[\"https:\/\/imagocertificationandtraining.com\/fr\/non-classifiee\/lart-de-la-formation-a-la-supervision-imago-partie-1-de-2\/#respond\"]}]},{\"@type\":\"WebPage\",\"@id\":\"https:\/\/imagocertificationandtraining.com\/fr\/non-classifiee\/lart-de-la-formation-a-la-supervision-imago-partie-1-de-2\/\",\"url\":\"https:\/\/imagocertificationandtraining.com\/fr\/non-classifiee\/lart-de-la-formation-a-la-supervision-imago-partie-1-de-2\/\",\"name\":\"L'art de la formation \u00e0 la supervision Imago (Partie 1 de 2) - Imago International Training Institute\",\"isPartOf\":{\"@id\":\"https:\/\/imagocertificationandtraining.com\/fr\/#website\"},\"primaryImageOfPage\":{\"@id\":\"https:\/\/imagocertificationandtraining.com\/fr\/non-classifiee\/lart-de-la-formation-a-la-supervision-imago-partie-1-de-2\/#primaryimage\"},\"image\":{\"@id\":\"https:\/\/imagocertificationandtraining.com\/fr\/non-classifiee\/lart-de-la-formation-a-la-supervision-imago-partie-1-de-2\/#primaryimage\"},\"thumbnailUrl\":\"https:\/\/imagocertificationandtraining.com\/app\/uploads\/2025\/01\/shutterstock_676407133-400x400-1.webp\",\"datePublished\":\"2025-03-24T08:33:39+00:00\",\"dateModified\":\"2025-12-09T09:28:07+00:00\",\"breadcrumb\":{\"@id\":\"https:\/\/imagocertificationandtraining.com\/fr\/non-classifiee\/lart-de-la-formation-a-la-supervision-imago-partie-1-de-2\/#breadcrumb\"},\"inLanguage\":\"fr-FR\",\"potentialAction\":[{\"@type\":\"ReadAction\",\"target\":[\"https:\/\/imagocertificationandtraining.com\/fr\/non-classifiee\/lart-de-la-formation-a-la-supervision-imago-partie-1-de-2\/\"]}]},{\"@type\":\"ImageObject\",\"inLanguage\":\"fr-FR\",\"@id\":\"https:\/\/imagocertificationandtraining.com\/fr\/non-classifiee\/lart-de-la-formation-a-la-supervision-imago-partie-1-de-2\/#primaryimage\",\"url\":\"https:\/\/imagocertificationandtraining.com\/app\/uploads\/2025\/01\/shutterstock_676407133-400x400-1.webp\",\"contentUrl\":\"https:\/\/imagocertificationandtraining.com\/app\/uploads\/2025\/01\/shutterstock_676407133-400x400-1.webp\",\"width\":400,\"height\":400},{\"@type\":\"BreadcrumbList\",\"@id\":\"https:\/\/imagocertificationandtraining.com\/fr\/non-classifiee\/lart-de-la-formation-a-la-supervision-imago-partie-1-de-2\/#breadcrumb\",\"itemListElement\":[{\"@type\":\"ListItem\",\"position\":1,\"name\":\"Home\",\"item\":\"https:\/\/imagocertificationandtraining.com\/fr\/\"},{\"@type\":\"ListItem\",\"position\":2,\"name\":\"L&#8217;art de la formation \u00e0 la supervision Imago (Partie 1 de 2)\"}]},{\"@type\":\"WebSite\",\"@id\":\"https:\/\/imagocertificationandtraining.com\/fr\/#website\",\"url\":\"https:\/\/imagocertificationandtraining.com\/fr\/\",\"name\":\"Imago International Training Institute\",\"description\":\"Delivering world class training on relational competency for individuals, couples, and organizations.\",\"publisher\":{\"@id\":\"https:\/\/imagocertificationandtraining.com\/fr\/#organization\"},\"potentialAction\":[{\"@type\":\"SearchAction\",\"target\":{\"@type\":\"EntryPoint\",\"urlTemplate\":\"https:\/\/imagocertificationandtraining.com\/fr\/?s={search_term_string}\"},\"query-input\":{\"@type\":\"PropertyValueSpecification\",\"valueRequired\":true,\"valueName\":\"search_term_string\"}}],\"inLanguage\":\"fr-FR\"},{\"@type\":\"Organization\",\"@id\":\"https:\/\/imagocertificationandtraining.com\/fr\/#organization\",\"name\":\"Imago International Training Institute\",\"url\":\"https:\/\/imagocertificationandtraining.com\/fr\/\",\"logo\":{\"@type\":\"ImageObject\",\"inLanguage\":\"fr-FR\",\"@id\":\"https:\/\/imagocertificationandtraining.com\/fr\/#\/schema\/logo\/image\/\",\"url\":\"https:\/\/imagocertificationandtraining.com\/app\/uploads\/2024\/12\/imago-international-training-institute-logo-2-e1733853510222.webp\",\"contentUrl\":\"https:\/\/imagocertificationandtraining.com\/app\/uploads\/2024\/12\/imago-international-training-institute-logo-2-e1733853510222.webp\",\"width\":150,\"height\":35,\"caption\":\"Imago International Training Institute\"},\"image\":{\"@id\":\"https:\/\/imagocertificationandtraining.com\/fr\/#\/schema\/logo\/image\/\"}},{\"@type\":\"Person\",\"@id\":\"https:\/\/imagocertificationandtraining.com\/fr\/#\/schema\/person\/995a647c49da445ca64d3f8332b74089\",\"name\":\"Pedro\",\"image\":{\"@type\":\"ImageObject\",\"inLanguage\":\"fr-FR\",\"@id\":\"https:\/\/imagocertificationandtraining.com\/fr\/#\/schema\/person\/image\/\",\"url\":\"https:\/\/secure.gravatar.com\/avatar\/441b0d1cc0c4c40b45a7d3cba45e116cfc3e862267383a71631000f9eca1f659?s=96&d=mm&r=g\",\"contentUrl\":\"https:\/\/secure.gravatar.com\/avatar\/441b0d1cc0c4c40b45a7d3cba45e116cfc3e862267383a71631000f9eca1f659?s=96&d=mm&r=g\",\"caption\":\"Pedro\"},\"url\":\"https:\/\/imagocertificationandtraining.com\/fr\/author\/strogonofy\/\"}]}<\/script>\n<!-- \/ Yoast SEO plugin. -->","yoast_head_json":{"title":"L'art de la formation \u00e0 la supervision Imago (Partie 1 de 2) - Imago International Training Institute","robots":{"index":"index","follow":"follow","max-snippet":"max-snippet:-1","max-image-preview":"max-image-preview:large","max-video-preview":"max-video-preview:-1"},"canonical":"https:\/\/imagocertificationandtraining.com\/fr\/non-classifiee\/lart-de-la-formation-a-la-supervision-imago-partie-1-de-2\/","og_locale":"fr_FR","og_type":"article","og_title":"L'art de la formation \u00e0 la supervision Imago (Partie 1 de 2) - Imago International Training Institute","og_description":"DESCRIPTION DU COURS Cette formation \u00e0 la supervision Imago* est ouverte aux th\u00e9rapeutes relationnels Imago certifi\u00e9s (IRT) ayant suivi deux des cours Imago avanc\u00e9s suivants : The Attuned Therapist, Despair to Repair, Giving and Receiving Love, ou Brilliant at the Basics ou ayant d\u00e9j\u00e0 atteint le niveau avanc\u00e9 Imago Therapist : Niveau trois. Le superviseur [&hellip;]","og_url":"https:\/\/imagocertificationandtraining.com\/fr\/non-classifiee\/lart-de-la-formation-a-la-supervision-imago-partie-1-de-2\/","og_site_name":"Imago International Training Institute","article_published_time":"2025-03-24T08:33:39+00:00","article_modified_time":"2025-12-09T09:28:07+00:00","og_image":[{"width":400,"height":400,"url":"https:\/\/imagocertificationandtraining.com\/app\/uploads\/2025\/01\/shutterstock_676407133-400x400-1.webp","type":"image\/webp"}],"author":"Pedro","twitter_card":"summary_large_image","twitter_misc":{"\u00c9crit par":"Pedro","Dur\u00e9e de lecture estim\u00e9e":"3 minutes"},"schema":{"@context":"https:\/\/schema.org","@graph":[{"@type":"Article","@id":"https:\/\/imagocertificationandtraining.com\/fr\/non-classifiee\/lart-de-la-formation-a-la-supervision-imago-partie-1-de-2\/#article","isPartOf":{"@id":"https:\/\/imagocertificationandtraining.com\/fr\/non-classifiee\/lart-de-la-formation-a-la-supervision-imago-partie-1-de-2\/"},"author":{"name":"Pedro","@id":"https:\/\/imagocertificationandtraining.com\/fr\/#\/schema\/person\/995a647c49da445ca64d3f8332b74089"},"headline":"L&rsquo;art de la formation \u00e0 la supervision Imago (Partie 1 de 2)","datePublished":"2025-03-24T08:33:39+00:00","dateModified":"2025-12-09T09:28:07+00:00","mainEntityOfPage":{"@id":"https:\/\/imagocertificationandtraining.com\/fr\/non-classifiee\/lart-de-la-formation-a-la-supervision-imago-partie-1-de-2\/"},"wordCount":619,"commentCount":0,"publisher":{"@id":"https:\/\/imagocertificationandtraining.com\/fr\/#organization"},"image":{"@id":"https:\/\/imagocertificationandtraining.com\/fr\/non-classifiee\/lart-de-la-formation-a-la-supervision-imago-partie-1-de-2\/#primaryimage"},"thumbnailUrl":"https:\/\/imagocertificationandtraining.com\/app\/uploads\/2025\/01\/shutterstock_676407133-400x400-1.webp","articleSection":["Non classifi\u00e9(e)"],"inLanguage":"fr-FR","potentialAction":[{"@type":"CommentAction","name":"Comment","target":["https:\/\/imagocertificationandtraining.com\/fr\/non-classifiee\/lart-de-la-formation-a-la-supervision-imago-partie-1-de-2\/#respond"]}]},{"@type":"WebPage","@id":"https:\/\/imagocertificationandtraining.com\/fr\/non-classifiee\/lart-de-la-formation-a-la-supervision-imago-partie-1-de-2\/","url":"https:\/\/imagocertificationandtraining.com\/fr\/non-classifiee\/lart-de-la-formation-a-la-supervision-imago-partie-1-de-2\/","name":"L'art de la formation \u00e0 la supervision Imago (Partie 1 de 2) - Imago International Training Institute","isPartOf":{"@id":"https:\/\/imagocertificationandtraining.com\/fr\/#website"},"primaryImageOfPage":{"@id":"https:\/\/imagocertificationandtraining.com\/fr\/non-classifiee\/lart-de-la-formation-a-la-supervision-imago-partie-1-de-2\/#primaryimage"},"image":{"@id":"https:\/\/imagocertificationandtraining.com\/fr\/non-classifiee\/lart-de-la-formation-a-la-supervision-imago-partie-1-de-2\/#primaryimage"},"thumbnailUrl":"https:\/\/imagocertificationandtraining.com\/app\/uploads\/2025\/01\/shutterstock_676407133-400x400-1.webp","datePublished":"2025-03-24T08:33:39+00:00","dateModified":"2025-12-09T09:28:07+00:00","breadcrumb":{"@id":"https:\/\/imagocertificationandtraining.com\/fr\/non-classifiee\/lart-de-la-formation-a-la-supervision-imago-partie-1-de-2\/#breadcrumb"},"inLanguage":"fr-FR","potentialAction":[{"@type":"ReadAction","target":["https:\/\/imagocertificationandtraining.com\/fr\/non-classifiee\/lart-de-la-formation-a-la-supervision-imago-partie-1-de-2\/"]}]},{"@type":"ImageObject","inLanguage":"fr-FR","@id":"https:\/\/imagocertificationandtraining.com\/fr\/non-classifiee\/lart-de-la-formation-a-la-supervision-imago-partie-1-de-2\/#primaryimage","url":"https:\/\/imagocertificationandtraining.com\/app\/uploads\/2025\/01\/shutterstock_676407133-400x400-1.webp","contentUrl":"https:\/\/imagocertificationandtraining.com\/app\/uploads\/2025\/01\/shutterstock_676407133-400x400-1.webp","width":400,"height":400},{"@type":"BreadcrumbList","@id":"https:\/\/imagocertificationandtraining.com\/fr\/non-classifiee\/lart-de-la-formation-a-la-supervision-imago-partie-1-de-2\/#breadcrumb","itemListElement":[{"@type":"ListItem","position":1,"name":"Home","item":"https:\/\/imagocertificationandtraining.com\/fr\/"},{"@type":"ListItem","position":2,"name":"L&#8217;art de la formation \u00e0 la supervision Imago (Partie 1 de 2)"}]},{"@type":"WebSite","@id":"https:\/\/imagocertificationandtraining.com\/fr\/#website","url":"https:\/\/imagocertificationandtraining.com\/fr\/","name":"Imago International Training Institute","description":"Delivering world class training on relational competency for individuals, couples, and organizations.","publisher":{"@id":"https:\/\/imagocertificationandtraining.com\/fr\/#organization"},"potentialAction":[{"@type":"SearchAction","target":{"@type":"EntryPoint","urlTemplate":"https:\/\/imagocertificationandtraining.com\/fr\/?s={search_term_string}"},"query-input":{"@type":"PropertyValueSpecification","valueRequired":true,"valueName":"search_term_string"}}],"inLanguage":"fr-FR"},{"@type":"Organization","@id":"https:\/\/imagocertificationandtraining.com\/fr\/#organization","name":"Imago International Training Institute","url":"https:\/\/imagocertificationandtraining.com\/fr\/","logo":{"@type":"ImageObject","inLanguage":"fr-FR","@id":"https:\/\/imagocertificationandtraining.com\/fr\/#\/schema\/logo\/image\/","url":"https:\/\/imagocertificationandtraining.com\/app\/uploads\/2024\/12\/imago-international-training-institute-logo-2-e1733853510222.webp","contentUrl":"https:\/\/imagocertificationandtraining.com\/app\/uploads\/2024\/12\/imago-international-training-institute-logo-2-e1733853510222.webp","width":150,"height":35,"caption":"Imago International Training Institute"},"image":{"@id":"https:\/\/imagocertificationandtraining.com\/fr\/#\/schema\/logo\/image\/"}},{"@type":"Person","@id":"https:\/\/imagocertificationandtraining.com\/fr\/#\/schema\/person\/995a647c49da445ca64d3f8332b74089","name":"Pedro","image":{"@type":"ImageObject","inLanguage":"fr-FR","@id":"https:\/\/imagocertificationandtraining.com\/fr\/#\/schema\/person\/image\/","url":"https:\/\/secure.gravatar.com\/avatar\/441b0d1cc0c4c40b45a7d3cba45e116cfc3e862267383a71631000f9eca1f659?s=96&d=mm&r=g","contentUrl":"https:\/\/secure.gravatar.com\/avatar\/441b0d1cc0c4c40b45a7d3cba45e116cfc3e862267383a71631000f9eca1f659?s=96&d=mm&r=g","caption":"Pedro"},"url":"https:\/\/imagocertificationandtraining.com\/fr\/author\/strogonofy\/"}]}},"_links":{"self":[{"href":"https:\/\/imagocertificationandtraining.com\/fr\/wp-json\/wp\/v2\/posts\/6971","targetHints":{"allow":["GET"]}}],"collection":[{"href":"https:\/\/imagocertificationandtraining.com\/fr\/wp-json\/wp\/v2\/posts"}],"about":[{"href":"https:\/\/imagocertificationandtraining.com\/fr\/wp-json\/wp\/v2\/types\/post"}],"author":[{"embeddable":true,"href":"https:\/\/imagocertificationandtraining.com\/fr\/wp-json\/wp\/v2\/users\/66"}],"replies":[{"embeddable":true,"href":"https:\/\/imagocertificationandtraining.com\/fr\/wp-json\/wp\/v2\/comments?post=6971"}],"version-history":[{"count":1,"href":"https:\/\/imagocertificationandtraining.com\/fr\/wp-json\/wp\/v2\/posts\/6971\/revisions"}],"predecessor-version":[{"id":7940,"href":"https:\/\/imagocertificationandtraining.com\/fr\/wp-json\/wp\/v2\/posts\/6971\/revisions\/7940"}],"wp:featuredmedia":[{"embeddable":true,"href":"https:\/\/imagocertificationandtraining.com\/fr\/wp-json\/wp\/v2\/media\/6973"}],"wp:attachment":[{"href":"https:\/\/imagocertificationandtraining.com\/fr\/wp-json\/wp\/v2\/media?parent=6971"}],"wp:term":[{"taxonomy":"category","embeddable":true,"href":"https:\/\/imagocertificationandtraining.com\/fr\/wp-json\/wp\/v2\/categories?post=6971"},{"taxonomy":"post_tag","embeddable":true,"href":"https:\/\/imagocertificationandtraining.com\/fr\/wp-json\/wp\/v2\/tags?post=6971"}],"curies":[{"name":"wp","href":"https:\/\/api.w.org\/{rel}","templated":true}]}}