{"id":6546,"date":"2025-03-24T10:33:43","date_gmt":"2025-03-24T08:33:43","guid":{"rendered":"https:\/\/imagocertificationandtraining.com\/ongecategoriseerd\/het-relationele-zelf-werken-met-individuen-in-het-relationele-paradigma-gevorderdencursus-2\/"},"modified":"2025-12-09T11:28:06","modified_gmt":"2025-12-09T09:28:06","slug":"het-relationele-zelf-werken-met-individuen-in-het-relationele-paradigma-gevorderdencursus-2","status":"publish","type":"post","link":"https:\/\/imagocertificationandtraining.com\/nl\/ongecategoriseerd\/het-relationele-zelf-werken-met-individuen-in-het-relationele-paradigma-gevorderdencursus-2\/","title":{"rendered":"Het Relationele Zelf &#8211; Werken met individuen in het Relationele Paradigma Gevorderden Cursus"},"content":{"rendered":"<p>CURSUSBESCHRIJVING<\/p>\n<p>Geen vereisten<\/p>\n<p>De meeste mensen die een toegewijde relatie willen, zoeken naar de ideale partner. Ze begrijpen niet of nauwelijks dat de persoon die ze kiezen en de relatie die ze hebben be\u00efnvloed wordt door hun vroege levenservaring en de vorming van hun karakterverdediging. <\/p>\n<p>Deze cursus verdiept het begrip van de therapeut over karakterstructuur en hoe hij mensen kan helpen om hun karakterstructuur aan te passen en zo hun onbewuste partnerkeuze en het resultaat van hun relatie te verbeteren. De eerste twee dagen van deze cursus bestaan uit het volgen van de workshop &#8220;Keeping the Love You Find&#8221;. De focus ligt op het afscheid nemen van oude liefdesrelaties en oude manieren van zijn in relaties die niet goed hebben uitgepakt en op de re-integratie van de ontbrekende delen van het zelf: het verlorene, ontkende en verstotene, en het ontwikkelen van een persoonlijk groeiplan. De daaropvolgende drie dagen gaan in op hoe je deze elementen inbrengt in het werken met individuele cli\u00ebnten. Drie modellen voor het werken met individuele cli\u00ebnten binnen het relationele paradigma presenteren langdurige psychotherapie. De therapeut is de primaire gehechtheidsfiguur en doorloopt samen met de cli\u00ebnt de ontwikkelingsfasen, een ondersteunend model en een relatiecoachingsmodel. Ontworpen om therapeuten te helpen effectiever te worden in het herstellen van hun alleenstaande cli\u00ebnten voor toegewijde relaties en het huwelijk.      <\/p>\n<p>Deze training is ontworpen voor relationeel werk in een groepssetting met theorie en processen om alleenstaanden te laten zien hoe ze hun karakteraanpassingen in een intieme relatie kunnen veranderen. In relaties zijn we gewond geraakt en alleen in relaties kunnen we geheeld worden. Deze cursus is ook nuttig voor therapeuten die karakterwerk doen met paren. Vereisten voor de cursus: Vijf dagen (40 uur) training bijwonen, toegewezen lezingen voltooien, deelnemen aan trainingsoefeningen en dienen als klinisch ondersteunend personeel bij een workshop voor singles binnen een jaar na afronding van de cursus.   <\/p>\n<p>6 weken online voor 3 uur per week. Veel Imago-therapeuten en -facilitators werken \u00e9\u00e9n-op-\u00e9\u00e9n met hun cli\u00ebnten. Deze training, die een vereiste cursus is voor Facilitator certificering en een keuzecursus voor Imago therapeuten richting Advanced Clinician status, helpt beoefenaars om de uitgangspunten en tools van Imago aan te passen aan het werken met individuele cli\u00ebnten.  <\/p>\n<p>STARTS 27 maart 2025 13.00 ET. <\/p>\n","protected":false},"excerpt":{"rendered":"<p>CURSUSBESCHRIJVING Geen vereisten De meeste mensen die een toegewijde relatie willen, zoeken naar de ideale partner. Ze begrijpen niet of nauwelijks dat de persoon die ze kiezen en de relatie die ze hebben be\u00efnvloed wordt door hun vroege levenservaring en de vorming van hun karakterverdediging. Deze cursus verdiept het begrip van de therapeut over karakterstructuur [&hellip;]<\/p>\n","protected":false},"author":66,"featured_media":6547,"comment_status":"open","ping_status":"open","sticky":false,"template":"","format":"standard","meta":{"footnotes":""},"categories":[140],"tags":[],"class_list":["post-6546","post","type-post","status-publish","format-standard","has-post-thumbnail","hentry","category-ongecategoriseerd"],"yoast_head":"<!-- This site is optimized with the Yoast SEO plugin v26.9 - https:\/\/yoast.com\/product\/yoast-seo-wordpress\/ -->\n<title>Het Relationele Zelf - Werken met individuen in het Relationele Paradigma Gevorderden Cursus - Imago International Training Institute<\/title>\n<meta name=\"robots\" content=\"index, follow, max-snippet:-1, max-image-preview:large, max-video-preview:-1\" \/>\n<link rel=\"canonical\" href=\"https:\/\/imagocertificationandtraining.com\/nl\/ongecategoriseerd\/het-relationele-zelf-werken-met-individuen-in-het-relationele-paradigma-gevorderdencursus-2\/\" \/>\n<meta property=\"og:locale\" content=\"nl_NL\" \/>\n<meta property=\"og:type\" content=\"article\" \/>\n<meta property=\"og:title\" content=\"Het Relationele Zelf - Werken met individuen in het Relationele Paradigma Gevorderden Cursus - Imago International Training Institute\" \/>\n<meta property=\"og:description\" content=\"CURSUSBESCHRIJVING Geen vereisten De meeste mensen die een toegewijde relatie willen, zoeken naar de ideale partner. Ze begrijpen niet of nauwelijks dat de persoon die ze kiezen en de relatie die ze hebben be\u00efnvloed wordt door hun vroege levenservaring en de vorming van hun karakterverdediging. Deze cursus verdiept het begrip van de therapeut over karakterstructuur [&hellip;]\" \/>\n<meta property=\"og:url\" content=\"https:\/\/imagocertificationandtraining.com\/nl\/ongecategoriseerd\/het-relationele-zelf-werken-met-individuen-in-het-relationele-paradigma-gevorderdencursus-2\/\" \/>\n<meta property=\"og:site_name\" content=\"Imago International Training Institute\" \/>\n<meta property=\"article:published_time\" content=\"2025-03-24T08:33:43+00:00\" \/>\n<meta property=\"article:modified_time\" content=\"2025-12-09T09:28:06+00:00\" \/>\n<meta property=\"og:image\" content=\"https:\/\/imagocertificationandtraining.com\/app\/uploads\/2025\/01\/photo-1508867743401-21ad68d105b1-400x400-1.webp\" \/>\n\t<meta property=\"og:image:width\" content=\"400\" \/>\n\t<meta property=\"og:image:height\" content=\"400\" \/>\n\t<meta property=\"og:image:type\" content=\"image\/webp\" \/>\n<meta name=\"author\" content=\"Pedro\" \/>\n<meta name=\"twitter:card\" content=\"summary_large_image\" \/>\n<meta name=\"twitter:label1\" content=\"Geschreven door\" \/>\n\t<meta name=\"twitter:data1\" content=\"Pedro\" \/>\n\t<meta name=\"twitter:label2\" content=\"Geschatte leestijd\" \/>\n\t<meta name=\"twitter:data2\" content=\"2 minuten\" \/>\n<script type=\"application\/ld+json\" class=\"yoast-schema-graph\">{\"@context\":\"https:\/\/schema.org\",\"@graph\":[{\"@type\":\"Article\",\"@id\":\"https:\/\/imagocertificationandtraining.com\/nl\/ongecategoriseerd\/het-relationele-zelf-werken-met-individuen-in-het-relationele-paradigma-gevorderdencursus-2\/#article\",\"isPartOf\":{\"@id\":\"https:\/\/imagocertificationandtraining.com\/nl\/ongecategoriseerd\/het-relationele-zelf-werken-met-individuen-in-het-relationele-paradigma-gevorderdencursus-2\/\"},\"author\":{\"name\":\"Pedro\",\"@id\":\"https:\/\/imagocertificationandtraining.com\/nl\/#\/schema\/person\/995a647c49da445ca64d3f8332b74089\"},\"headline\":\"Het Relationele Zelf &#8211; Werken met individuen in het Relationele Paradigma Gevorderden Cursus\",\"datePublished\":\"2025-03-24T08:33:43+00:00\",\"dateModified\":\"2025-12-09T09:28:06+00:00\",\"mainEntityOfPage\":{\"@id\":\"https:\/\/imagocertificationandtraining.com\/nl\/ongecategoriseerd\/het-relationele-zelf-werken-met-individuen-in-het-relationele-paradigma-gevorderdencursus-2\/\"},\"wordCount\":384,\"commentCount\":0,\"publisher\":{\"@id\":\"https:\/\/imagocertificationandtraining.com\/nl\/#organization\"},\"image\":{\"@id\":\"https:\/\/imagocertificationandtraining.com\/nl\/ongecategoriseerd\/het-relationele-zelf-werken-met-individuen-in-het-relationele-paradigma-gevorderdencursus-2\/#primaryimage\"},\"thumbnailUrl\":\"https:\/\/imagocertificationandtraining.com\/app\/uploads\/2025\/01\/photo-1508867743401-21ad68d105b1-400x400-1.webp\",\"articleSection\":[\"Ongecategoriseerd\"],\"inLanguage\":\"nl-NL\",\"potentialAction\":[{\"@type\":\"CommentAction\",\"name\":\"Comment\",\"target\":[\"https:\/\/imagocertificationandtraining.com\/nl\/ongecategoriseerd\/het-relationele-zelf-werken-met-individuen-in-het-relationele-paradigma-gevorderdencursus-2\/#respond\"]}]},{\"@type\":\"WebPage\",\"@id\":\"https:\/\/imagocertificationandtraining.com\/nl\/ongecategoriseerd\/het-relationele-zelf-werken-met-individuen-in-het-relationele-paradigma-gevorderdencursus-2\/\",\"url\":\"https:\/\/imagocertificationandtraining.com\/nl\/ongecategoriseerd\/het-relationele-zelf-werken-met-individuen-in-het-relationele-paradigma-gevorderdencursus-2\/\",\"name\":\"Het Relationele Zelf - Werken met individuen in het Relationele Paradigma Gevorderden Cursus - Imago International Training Institute\",\"isPartOf\":{\"@id\":\"https:\/\/imagocertificationandtraining.com\/nl\/#website\"},\"primaryImageOfPage\":{\"@id\":\"https:\/\/imagocertificationandtraining.com\/nl\/ongecategoriseerd\/het-relationele-zelf-werken-met-individuen-in-het-relationele-paradigma-gevorderdencursus-2\/#primaryimage\"},\"image\":{\"@id\":\"https:\/\/imagocertificationandtraining.com\/nl\/ongecategoriseerd\/het-relationele-zelf-werken-met-individuen-in-het-relationele-paradigma-gevorderdencursus-2\/#primaryimage\"},\"thumbnailUrl\":\"https:\/\/imagocertificationandtraining.com\/app\/uploads\/2025\/01\/photo-1508867743401-21ad68d105b1-400x400-1.webp\",\"datePublished\":\"2025-03-24T08:33:43+00:00\",\"dateModified\":\"2025-12-09T09:28:06+00:00\",\"breadcrumb\":{\"@id\":\"https:\/\/imagocertificationandtraining.com\/nl\/ongecategoriseerd\/het-relationele-zelf-werken-met-individuen-in-het-relationele-paradigma-gevorderdencursus-2\/#breadcrumb\"},\"inLanguage\":\"nl-NL\",\"potentialAction\":[{\"@type\":\"ReadAction\",\"target\":[\"https:\/\/imagocertificationandtraining.com\/nl\/ongecategoriseerd\/het-relationele-zelf-werken-met-individuen-in-het-relationele-paradigma-gevorderdencursus-2\/\"]}]},{\"@type\":\"ImageObject\",\"inLanguage\":\"nl-NL\",\"@id\":\"https:\/\/imagocertificationandtraining.com\/nl\/ongecategoriseerd\/het-relationele-zelf-werken-met-individuen-in-het-relationele-paradigma-gevorderdencursus-2\/#primaryimage\",\"url\":\"https:\/\/imagocertificationandtraining.com\/app\/uploads\/2025\/01\/photo-1508867743401-21ad68d105b1-400x400-1.webp\",\"contentUrl\":\"https:\/\/imagocertificationandtraining.com\/app\/uploads\/2025\/01\/photo-1508867743401-21ad68d105b1-400x400-1.webp\",\"width\":400,\"height\":400},{\"@type\":\"BreadcrumbList\",\"@id\":\"https:\/\/imagocertificationandtraining.com\/nl\/ongecategoriseerd\/het-relationele-zelf-werken-met-individuen-in-het-relationele-paradigma-gevorderdencursus-2\/#breadcrumb\",\"itemListElement\":[{\"@type\":\"ListItem\",\"position\":1,\"name\":\"Home\",\"item\":\"https:\/\/imagocertificationandtraining.com\/nl\/\"},{\"@type\":\"ListItem\",\"position\":2,\"name\":\"Het Relationele Zelf &#8211; Werken met individuen in het Relationele Paradigma Gevorderden Cursus\"}]},{\"@type\":\"WebSite\",\"@id\":\"https:\/\/imagocertificationandtraining.com\/nl\/#website\",\"url\":\"https:\/\/imagocertificationandtraining.com\/nl\/\",\"name\":\"Imago International Training Institute\",\"description\":\"Delivering world class training on relational competency for individuals, couples, and organizations.\",\"publisher\":{\"@id\":\"https:\/\/imagocertificationandtraining.com\/nl\/#organization\"},\"potentialAction\":[{\"@type\":\"SearchAction\",\"target\":{\"@type\":\"EntryPoint\",\"urlTemplate\":\"https:\/\/imagocertificationandtraining.com\/nl\/?s={search_term_string}\"},\"query-input\":{\"@type\":\"PropertyValueSpecification\",\"valueRequired\":true,\"valueName\":\"search_term_string\"}}],\"inLanguage\":\"nl-NL\"},{\"@type\":\"Organization\",\"@id\":\"https:\/\/imagocertificationandtraining.com\/nl\/#organization\",\"name\":\"Imago International Training Institute\",\"url\":\"https:\/\/imagocertificationandtraining.com\/nl\/\",\"logo\":{\"@type\":\"ImageObject\",\"inLanguage\":\"nl-NL\",\"@id\":\"https:\/\/imagocertificationandtraining.com\/nl\/#\/schema\/logo\/image\/\",\"url\":\"https:\/\/imagocertificationandtraining.com\/app\/uploads\/2024\/12\/imago-international-training-institute-logo-2-e1733853510222.webp\",\"contentUrl\":\"https:\/\/imagocertificationandtraining.com\/app\/uploads\/2024\/12\/imago-international-training-institute-logo-2-e1733853510222.webp\",\"width\":150,\"height\":35,\"caption\":\"Imago International Training Institute\"},\"image\":{\"@id\":\"https:\/\/imagocertificationandtraining.com\/nl\/#\/schema\/logo\/image\/\"}},{\"@type\":\"Person\",\"@id\":\"https:\/\/imagocertificationandtraining.com\/nl\/#\/schema\/person\/995a647c49da445ca64d3f8332b74089\",\"name\":\"Pedro\",\"image\":{\"@type\":\"ImageObject\",\"inLanguage\":\"nl-NL\",\"@id\":\"https:\/\/imagocertificationandtraining.com\/nl\/#\/schema\/person\/image\/\",\"url\":\"https:\/\/secure.gravatar.com\/avatar\/441b0d1cc0c4c40b45a7d3cba45e116cfc3e862267383a71631000f9eca1f659?s=96&d=mm&r=g\",\"contentUrl\":\"https:\/\/secure.gravatar.com\/avatar\/441b0d1cc0c4c40b45a7d3cba45e116cfc3e862267383a71631000f9eca1f659?s=96&d=mm&r=g\",\"caption\":\"Pedro\"},\"url\":\"https:\/\/imagocertificationandtraining.com\/nl\/author\/strogonofy\/\"}]}<\/script>\n<!-- \/ Yoast SEO plugin. -->","yoast_head_json":{"title":"Het Relationele Zelf - Werken met individuen in het Relationele Paradigma Gevorderden Cursus - Imago International Training Institute","robots":{"index":"index","follow":"follow","max-snippet":"max-snippet:-1","max-image-preview":"max-image-preview:large","max-video-preview":"max-video-preview:-1"},"canonical":"https:\/\/imagocertificationandtraining.com\/nl\/ongecategoriseerd\/het-relationele-zelf-werken-met-individuen-in-het-relationele-paradigma-gevorderdencursus-2\/","og_locale":"nl_NL","og_type":"article","og_title":"Het Relationele Zelf - Werken met individuen in het Relationele Paradigma Gevorderden Cursus - Imago International Training Institute","og_description":"CURSUSBESCHRIJVING Geen vereisten De meeste mensen die een toegewijde relatie willen, zoeken naar de ideale partner. Ze begrijpen niet of nauwelijks dat de persoon die ze kiezen en de relatie die ze hebben be\u00efnvloed wordt door hun vroege levenservaring en de vorming van hun karakterverdediging. Deze cursus verdiept het begrip van de therapeut over karakterstructuur [&hellip;]","og_url":"https:\/\/imagocertificationandtraining.com\/nl\/ongecategoriseerd\/het-relationele-zelf-werken-met-individuen-in-het-relationele-paradigma-gevorderdencursus-2\/","og_site_name":"Imago International Training Institute","article_published_time":"2025-03-24T08:33:43+00:00","article_modified_time":"2025-12-09T09:28:06+00:00","og_image":[{"width":400,"height":400,"url":"https:\/\/imagocertificationandtraining.com\/app\/uploads\/2025\/01\/photo-1508867743401-21ad68d105b1-400x400-1.webp","type":"image\/webp"}],"author":"Pedro","twitter_card":"summary_large_image","twitter_misc":{"Geschreven door":"Pedro","Geschatte leestijd":"2 minuten"},"schema":{"@context":"https:\/\/schema.org","@graph":[{"@type":"Article","@id":"https:\/\/imagocertificationandtraining.com\/nl\/ongecategoriseerd\/het-relationele-zelf-werken-met-individuen-in-het-relationele-paradigma-gevorderdencursus-2\/#article","isPartOf":{"@id":"https:\/\/imagocertificationandtraining.com\/nl\/ongecategoriseerd\/het-relationele-zelf-werken-met-individuen-in-het-relationele-paradigma-gevorderdencursus-2\/"},"author":{"name":"Pedro","@id":"https:\/\/imagocertificationandtraining.com\/nl\/#\/schema\/person\/995a647c49da445ca64d3f8332b74089"},"headline":"Het Relationele Zelf &#8211; Werken met individuen in het Relationele Paradigma Gevorderden Cursus","datePublished":"2025-03-24T08:33:43+00:00","dateModified":"2025-12-09T09:28:06+00:00","mainEntityOfPage":{"@id":"https:\/\/imagocertificationandtraining.com\/nl\/ongecategoriseerd\/het-relationele-zelf-werken-met-individuen-in-het-relationele-paradigma-gevorderdencursus-2\/"},"wordCount":384,"commentCount":0,"publisher":{"@id":"https:\/\/imagocertificationandtraining.com\/nl\/#organization"},"image":{"@id":"https:\/\/imagocertificationandtraining.com\/nl\/ongecategoriseerd\/het-relationele-zelf-werken-met-individuen-in-het-relationele-paradigma-gevorderdencursus-2\/#primaryimage"},"thumbnailUrl":"https:\/\/imagocertificationandtraining.com\/app\/uploads\/2025\/01\/photo-1508867743401-21ad68d105b1-400x400-1.webp","articleSection":["Ongecategoriseerd"],"inLanguage":"nl-NL","potentialAction":[{"@type":"CommentAction","name":"Comment","target":["https:\/\/imagocertificationandtraining.com\/nl\/ongecategoriseerd\/het-relationele-zelf-werken-met-individuen-in-het-relationele-paradigma-gevorderdencursus-2\/#respond"]}]},{"@type":"WebPage","@id":"https:\/\/imagocertificationandtraining.com\/nl\/ongecategoriseerd\/het-relationele-zelf-werken-met-individuen-in-het-relationele-paradigma-gevorderdencursus-2\/","url":"https:\/\/imagocertificationandtraining.com\/nl\/ongecategoriseerd\/het-relationele-zelf-werken-met-individuen-in-het-relationele-paradigma-gevorderdencursus-2\/","name":"Het Relationele Zelf - Werken met individuen in het Relationele Paradigma Gevorderden Cursus - Imago International Training Institute","isPartOf":{"@id":"https:\/\/imagocertificationandtraining.com\/nl\/#website"},"primaryImageOfPage":{"@id":"https:\/\/imagocertificationandtraining.com\/nl\/ongecategoriseerd\/het-relationele-zelf-werken-met-individuen-in-het-relationele-paradigma-gevorderdencursus-2\/#primaryimage"},"image":{"@id":"https:\/\/imagocertificationandtraining.com\/nl\/ongecategoriseerd\/het-relationele-zelf-werken-met-individuen-in-het-relationele-paradigma-gevorderdencursus-2\/#primaryimage"},"thumbnailUrl":"https:\/\/imagocertificationandtraining.com\/app\/uploads\/2025\/01\/photo-1508867743401-21ad68d105b1-400x400-1.webp","datePublished":"2025-03-24T08:33:43+00:00","dateModified":"2025-12-09T09:28:06+00:00","breadcrumb":{"@id":"https:\/\/imagocertificationandtraining.com\/nl\/ongecategoriseerd\/het-relationele-zelf-werken-met-individuen-in-het-relationele-paradigma-gevorderdencursus-2\/#breadcrumb"},"inLanguage":"nl-NL","potentialAction":[{"@type":"ReadAction","target":["https:\/\/imagocertificationandtraining.com\/nl\/ongecategoriseerd\/het-relationele-zelf-werken-met-individuen-in-het-relationele-paradigma-gevorderdencursus-2\/"]}]},{"@type":"ImageObject","inLanguage":"nl-NL","@id":"https:\/\/imagocertificationandtraining.com\/nl\/ongecategoriseerd\/het-relationele-zelf-werken-met-individuen-in-het-relationele-paradigma-gevorderdencursus-2\/#primaryimage","url":"https:\/\/imagocertificationandtraining.com\/app\/uploads\/2025\/01\/photo-1508867743401-21ad68d105b1-400x400-1.webp","contentUrl":"https:\/\/imagocertificationandtraining.com\/app\/uploads\/2025\/01\/photo-1508867743401-21ad68d105b1-400x400-1.webp","width":400,"height":400},{"@type":"BreadcrumbList","@id":"https:\/\/imagocertificationandtraining.com\/nl\/ongecategoriseerd\/het-relationele-zelf-werken-met-individuen-in-het-relationele-paradigma-gevorderdencursus-2\/#breadcrumb","itemListElement":[{"@type":"ListItem","position":1,"name":"Home","item":"https:\/\/imagocertificationandtraining.com\/nl\/"},{"@type":"ListItem","position":2,"name":"Het Relationele Zelf &#8211; Werken met individuen in het Relationele Paradigma Gevorderden Cursus"}]},{"@type":"WebSite","@id":"https:\/\/imagocertificationandtraining.com\/nl\/#website","url":"https:\/\/imagocertificationandtraining.com\/nl\/","name":"Imago International Training Institute","description":"Delivering world class training on relational competency for individuals, couples, and organizations.","publisher":{"@id":"https:\/\/imagocertificationandtraining.com\/nl\/#organization"},"potentialAction":[{"@type":"SearchAction","target":{"@type":"EntryPoint","urlTemplate":"https:\/\/imagocertificationandtraining.com\/nl\/?s={search_term_string}"},"query-input":{"@type":"PropertyValueSpecification","valueRequired":true,"valueName":"search_term_string"}}],"inLanguage":"nl-NL"},{"@type":"Organization","@id":"https:\/\/imagocertificationandtraining.com\/nl\/#organization","name":"Imago International Training Institute","url":"https:\/\/imagocertificationandtraining.com\/nl\/","logo":{"@type":"ImageObject","inLanguage":"nl-NL","@id":"https:\/\/imagocertificationandtraining.com\/nl\/#\/schema\/logo\/image\/","url":"https:\/\/imagocertificationandtraining.com\/app\/uploads\/2024\/12\/imago-international-training-institute-logo-2-e1733853510222.webp","contentUrl":"https:\/\/imagocertificationandtraining.com\/app\/uploads\/2024\/12\/imago-international-training-institute-logo-2-e1733853510222.webp","width":150,"height":35,"caption":"Imago International Training Institute"},"image":{"@id":"https:\/\/imagocertificationandtraining.com\/nl\/#\/schema\/logo\/image\/"}},{"@type":"Person","@id":"https:\/\/imagocertificationandtraining.com\/nl\/#\/schema\/person\/995a647c49da445ca64d3f8332b74089","name":"Pedro","image":{"@type":"ImageObject","inLanguage":"nl-NL","@id":"https:\/\/imagocertificationandtraining.com\/nl\/#\/schema\/person\/image\/","url":"https:\/\/secure.gravatar.com\/avatar\/441b0d1cc0c4c40b45a7d3cba45e116cfc3e862267383a71631000f9eca1f659?s=96&d=mm&r=g","contentUrl":"https:\/\/secure.gravatar.com\/avatar\/441b0d1cc0c4c40b45a7d3cba45e116cfc3e862267383a71631000f9eca1f659?s=96&d=mm&r=g","caption":"Pedro"},"url":"https:\/\/imagocertificationandtraining.com\/nl\/author\/strogonofy\/"}]}},"_links":{"self":[{"href":"https:\/\/imagocertificationandtraining.com\/nl\/wp-json\/wp\/v2\/posts\/6546","targetHints":{"allow":["GET"]}}],"collection":[{"href":"https:\/\/imagocertificationandtraining.com\/nl\/wp-json\/wp\/v2\/posts"}],"about":[{"href":"https:\/\/imagocertificationandtraining.com\/nl\/wp-json\/wp\/v2\/types\/post"}],"author":[{"embeddable":true,"href":"https:\/\/imagocertificationandtraining.com\/nl\/wp-json\/wp\/v2\/users\/66"}],"replies":[{"embeddable":true,"href":"https:\/\/imagocertificationandtraining.com\/nl\/wp-json\/wp\/v2\/comments?post=6546"}],"version-history":[{"count":1,"href":"https:\/\/imagocertificationandtraining.com\/nl\/wp-json\/wp\/v2\/posts\/6546\/revisions"}],"predecessor-version":[{"id":7841,"href":"https:\/\/imagocertificationandtraining.com\/nl\/wp-json\/wp\/v2\/posts\/6546\/revisions\/7841"}],"wp:featuredmedia":[{"embeddable":true,"href":"https:\/\/imagocertificationandtraining.com\/nl\/wp-json\/wp\/v2\/media\/6547"}],"wp:attachment":[{"href":"https:\/\/imagocertificationandtraining.com\/nl\/wp-json\/wp\/v2\/media?parent=6546"}],"wp:term":[{"taxonomy":"category","embeddable":true,"href":"https:\/\/imagocertificationandtraining.com\/nl\/wp-json\/wp\/v2\/categories?post=6546"},{"taxonomy":"post_tag","embeddable":true,"href":"https:\/\/imagocertificationandtraining.com\/nl\/wp-json\/wp\/v2\/tags?post=6546"}],"curies":[{"name":"wp","href":"https:\/\/api.w.org\/{rel}","templated":true}]}}